{"id":99,"date":"2020-03-26T13:13:08","date_gmt":"2020-03-26T16:13:08","guid":{"rendered":"https:\/\/sites.hostgrano.com.br\/rodrigoguerra\/?p=99"},"modified":"2021-08-16T18:26:58","modified_gmt":"2021-08-16T21:26:58","slug":"coronavirus-e-a-pandemia-que-impulsiona-a-transformacao-da-saude","status":"publish","type":"post","link":"https:\/\/sites.hostgrano.com.br\/rodrigoguerra\/2020\/03\/26\/coronavirus-e-a-pandemia-que-impulsiona-a-transformacao-da-saude\/","title":{"rendered":"Coronav\u00edrus e a pandemia que impulsiona a transforma\u00e7\u00e3o da Sa\u00fade"},"content":{"rendered":"<p style=\"text-align: left\"><i><span style=\"font-weight: 400\">Diante de uma situa\u00e7\u00e3o que n\u00e3o cabia nem nas proje\u00e7\u00f5es mais pessimistas, \u00e9 fundamental repensar o uso dos recursos e se preparar para um cen\u00e1rio de desafios crescentes\u00a0<\/span><\/i><\/p>\n<p><b>Por Rodrigo Guerra*<\/b><\/p>\n<p><span style=\"font-weight: 400\">A elabora\u00e7\u00e3o de um plano de continuidade dos neg\u00f3cios deve sempre contemplar a constru\u00e7\u00e3o do que chamo de \u201ccen\u00e1rio de estresse\u201d. Nele mapeiam-se situa\u00e7\u00f5es catastr\u00f3ficas em potencial, como colapsos financeiros, recess\u00e3o internacional e outros poss\u00edveis desafios internos e externos \u00e0 organiza\u00e7\u00e3o. Mas em momento algum chegamos a imaginar um cen\u00e1rio como esse: uma pandemia global, com impacto direto n\u00e3o s\u00f3 na Sa\u00fade, mas em todos os setores da economia. A Covid-19 surpreendeu a todos &#8211; e tornou mais evidente a necessidade de transforma\u00e7\u00e3o da Sa\u00fade. E essa transforma\u00e7\u00e3o passa pelas finan\u00e7as.<\/span><\/p>\n<p><span style=\"font-weight: 400\">As primeiras consequ\u00eancias negativas da pandemia foram sentidas de imediato. Com\u00e9rcio, servi\u00e7os e ind\u00fastrias se viram for\u00e7ados a fechar suas portas ou reduzir drasticamente suas atividades. Cada dia traz mudan\u00e7as profundas no entendimento da situa\u00e7\u00e3o, de modo que aquilo que parecia certo pela manh\u00e3 j\u00e1 era duvidoso ou mesmo invi\u00e1vel no fim da tarde.<\/span><\/p>\n<p><span style=\"font-weight: 400\">No setor de Sa\u00fade, a situa\u00e7\u00e3o se traduziu em um crescimento autom\u00e1tico por atendimento de emerg\u00eancia. Basta uma tosse para que a pessoa busque o pronto-socorro. A li\u00e7\u00e3o de outros pa\u00edses nos permitiu prever que precis\u00e1vamos conter essa \u201ccorrida\u201d, a fim de evitar um colapso de falta de recursos. Assim, vimos que era essencial dedicar energia \u00e0 comunica\u00e7\u00e3o com o p\u00fablico, usando de v\u00e1rios canais para que ele entenda que, salvo se houver comprometimento das fun\u00e7\u00f5es respirat\u00f3rias, o melhor tratamento \u00e9 ficar em casa, em repouso, com boa alimenta\u00e7\u00e3o, hidrata\u00e7\u00e3o constante e doses de dipirona.<\/span><\/p>\n<p><span style=\"font-weight: 400\">A situa\u00e7\u00e3o demonstra por que devemos criar h\u00e1bitos emergenciais antes que as emerg\u00eancias de fato aconte\u00e7am. Parece \u00f3bvio, mas \u00e9 menos comum do que se imagina em um setor muito mais reativo que proativo, que est\u00e1 acostumado a lidar com a doen\u00e7a ao inv\u00e9s de preveni-la. \u00c9 essa transforma\u00e7\u00e3o da Sa\u00fade que precisamos fazer &#8211; e essa necessidade se torna ainda mais evidente diante de situa\u00e7\u00f5es como uma pandemia.\u00a0<\/span><\/p>\n<p><span style=\"font-weight: 400\">Aqui a inova\u00e7\u00e3o em Sa\u00fade vai al\u00e9m de adotar tecnologias, e mexe muito mais com a mentalidade do setor. \u00c9 preciso mudar, inclusive, a gest\u00e3o dos processos internos. Na Central Nacional Unimed, por exemplo, suspendemos todas as viagens da empresa, e as reuni\u00f5es est\u00e3o acontecendo apenas por aplicativos de teleconfer\u00eancia. \u00c9 verdade que muitos ainda preferem a reuni\u00e3o presencial. Mas esse \u00e9 um\u00a0 momento de se reeducar, n\u00e3o s\u00f3 quanto a esse aspecto, mas em tantos outros. \u00c9 um aprendizado que pode se transformar em um ganho em meio a tantas perdas.<\/span><\/p>\n<p><span style=\"font-weight: 400\">Em muitas organiza\u00e7\u00f5es, em especial na Sa\u00fade, a possibilidade de que colaboradores trabalhassem de casa era inimagin\u00e1vel at\u00e9 agora. Por\u00e9m, com esse movimento for\u00e7ado pela necessidade, os gestores entenderam que o deslocamento tem um custo financeiro e emocional alto para o colaborador, especialmente nas grandes cidades. Est\u00e3o, agora, adotando hor\u00e1rios flex\u00edveis para as equipes enquanto criam meios de avaliar performance.\u00a0<\/span><\/p>\n<p><span style=\"font-weight: 400\">Um exemplo ainda mais profundo dessa reeduca\u00e7\u00e3o tem rela\u00e7\u00e3o direta com as finan\u00e7as em Sa\u00fade. Aqui na Central Nacional Unimed, estamos fazendo uma revis\u00e3o dos gastos e das estruturas. H\u00e1 muito que gestores de algumas organiza\u00e7\u00f5es n\u00e3o sentam para analisar o que \u00e9 realmente necess\u00e1rio para seu funcionamento e crescimento. Essa revis\u00e3o for\u00e7ada do modelo de gest\u00e3o, se adotada em larga escala, pode nos levar a um Brasil mais eficiente.\u00a0<\/span><\/p>\n<p><span style=\"font-weight: 400\">Outro aspecto da mudan\u00e7a impulsionado pela pandemia \u00e9 a teleorienta\u00e7\u00e3o m\u00e9dica. Est\u00e1 longe de ser um consenso, \u00e9 verdade, mas vejo mais pessoas se sentindo confort\u00e1veis e seguras em receber orienta\u00e7\u00f5es por uma tela de celular. As operadoras que abrem essa possibilidade t\u00eam bons resultados, e esse pode ser o momento de quebrar mais essa barreira para a transforma\u00e7\u00e3o da Sa\u00fade.<\/span><\/p>\n<p><span style=\"font-weight: 400\">O futuro imediato recomenda tr\u00eas atitudes: ser prudente, cortar o sup\u00e9rfluo e antecipar os investimentos na informa\u00e7\u00e3o e no autocuidado. Para longo prazo, \u00e9 indicado revisar as pr\u00e1ticas de guerra que foram adotadas e trouxeram ganhos financeiros e de qualidade de vida. Essas devem ser definitivamente incorporadas \u00e0 rotina. Quando um tabu se prova ineficiente, n\u00e3o h\u00e1 raz\u00e3o para insistir nele. E assim a transforma\u00e7\u00e3o da Sa\u00fade acontece.<\/span><\/p>\n<p><span style=\"font-weight: 400\">A mentalidade anal\u00edtica, a disposi\u00e7\u00e3o para pensar e agir diferente, e a prioriza\u00e7\u00e3o da sa\u00fade e bem-estar \u00e9 o que nos far\u00e1 atravessar esse momento com mais seguran\u00e7a e preservando o maior n\u00famero de vidas. E ainda estimular\u00e1 uma mudan\u00e7a que h\u00e1 muito a Sa\u00fade espera e precisa.<\/span><\/p>\n<p><i><span style=\"font-weight: 400\">*Rodrigo Guerra \u00e9 especialista em finan\u00e7as e inova\u00e7\u00e3o em Sa\u00fade. Atua como superintendente executivo da Central Nacional Unimed, organiza\u00e7\u00e3o respons\u00e1vel por administrar todos os contratos de abrang\u00eancia nacional do Sistema Unimed.<\/span><\/i><\/p>\n","protected":false},"excerpt":{"rendered":"<p>Diante de uma situa\u00e7\u00e3o que n\u00e3o cabia nem nas proje\u00e7\u00f5es mais pessimistas, \u00e9 fundamental repensar o uso dos recursos e se preparar para um cen\u00e1rio de desafios crescentes\u00a0 Por Rodrigo Guerra* A elabora\u00e7\u00e3o de um plano de continuidade dos neg\u00f3cios deve sempre contemplar a constru\u00e7\u00e3o do que chamo de \u201ccen\u00e1rio de estresse\u201d. Nele mapeiam-se situa\u00e7\u00f5es [&hellip;]<\/p>\n","protected":false},"author":1027,"featured_media":100,"comment_status":"open","ping_status":"open","sticky":false,"template":"","format":"standard","meta":[],"categories":[13],"tags":[7,8,9],"acf":{"poussi_gif":null,"gif_link":null,"final_do_post":null,"possui_podcast":null,"podcast_embed":null,"podcast_final":null},"yoast_head":"<!-- This site is optimized with the Yoast SEO plugin v21.1 - https:\/\/yoast.com\/wordpress\/plugins\/seo\/ -->\n<title>Coronav\u00edrus e a pandemia que impulsiona a transforma\u00e7\u00e3o da Sa\u00fade - Unbox Project<\/title>\n<meta name=\"description\" content=\"Diante de uma situa\u00e7\u00e3o que n\u00e3o cabia nem nas proje\u00e7\u00f5es mais pessimistas, \u00e9 fundamental repensar o uso dos recursos e se preparar para um cen\u00e1rio de desafios crescentes\" \/>\n<meta name=\"robots\" content=\"index, follow, max-snippet:-1, max-image-preview:large, max-video-preview:-1\" \/>\n<link rel=\"canonical\" href=\"https:\/\/sites.hostgrano.com.br\/rodrigoguerra\/2020\/03\/26\/coronavirus-e-a-pandemia-que-impulsiona-a-transformacao-da-saude\/\" \/>\n<meta property=\"og:locale\" content=\"pt_BR\" \/>\n<meta property=\"og:type\" content=\"article\" \/>\n<meta property=\"og:title\" content=\"Coronav\u00edrus e a pandemia que impulsiona a transforma\u00e7\u00e3o da Sa\u00fade - Unbox Project\" \/>\n<meta property=\"og:description\" content=\"Diante de uma situa\u00e7\u00e3o que n\u00e3o cabia nem nas proje\u00e7\u00f5es mais pessimistas, \u00e9 fundamental repensar o uso dos recursos e se preparar para um cen\u00e1rio de desafios crescentes\" \/>\n<meta property=\"og:url\" content=\"https:\/\/sites.hostgrano.com.br\/rodrigoguerra\/2020\/03\/26\/coronavirus-e-a-pandemia-que-impulsiona-a-transformacao-da-saude\/\" \/>\n<meta property=\"og:site_name\" content=\"Unbox Project\" \/>\n<meta property=\"article:published_time\" content=\"2020-03-26T16:13:08+00:00\" \/>\n<meta property=\"article:modified_time\" content=\"2021-08-16T21:26:58+00:00\" \/>\n<meta property=\"og:image\" content=\"https:\/\/sites.hostgrano.com.br\/rodrigoguerra\/wp-content\/uploads\/sites\/5\/2021\/08\/Coronavirus-e-a-pandemia-que-impulsiona-a-transformacao-da-Saude-.jpg\" \/>\n\t<meta property=\"og:image:width\" content=\"1000\" \/>\n\t<meta property=\"og:image:height\" content=\"667\" \/>\n\t<meta property=\"og:image:type\" content=\"image\/jpeg\" \/>\n<meta name=\"author\" content=\"essense\" \/>\n<meta name=\"twitter:card\" content=\"summary_large_image\" \/>\n<meta name=\"twitter:label1\" content=\"Escrito por\" \/>\n\t<meta name=\"twitter:data1\" content=\"essense\" \/>\n\t<meta name=\"twitter:label2\" content=\"Est. tempo de leitura\" \/>\n\t<meta name=\"twitter:data2\" content=\"4 minutos\" \/>\n<script type=\"application\/ld+json\" class=\"yoast-schema-graph\">{\"@context\":\"https:\/\/schema.org\",\"@graph\":[{\"@type\":\"WebPage\",\"@id\":\"https:\/\/sites.hostgrano.com.br\/rodrigoguerra\/2020\/03\/26\/coronavirus-e-a-pandemia-que-impulsiona-a-transformacao-da-saude\/\",\"url\":\"https:\/\/sites.hostgrano.com.br\/rodrigoguerra\/2020\/03\/26\/coronavirus-e-a-pandemia-que-impulsiona-a-transformacao-da-saude\/\",\"name\":\"Coronav\u00edrus e a pandemia que impulsiona a transforma\u00e7\u00e3o da Sa\u00fade - Unbox Project\",\"isPartOf\":{\"@id\":\"https:\/\/sites.hostgrano.com.br\/rodrigoguerra\/#website\"},\"datePublished\":\"2020-03-26T16:13:08+00:00\",\"dateModified\":\"2021-08-16T21:26:58+00:00\",\"author\":{\"@id\":\"https:\/\/sites.hostgrano.com.br\/rodrigoguerra\/#\/schema\/person\/4c19012d2f9aacb15ef3281e96fc45e7\"},\"description\":\"Diante de uma situa\u00e7\u00e3o que n\u00e3o cabia nem nas proje\u00e7\u00f5es mais pessimistas, \u00e9 fundamental repensar o uso dos recursos e se preparar para um cen\u00e1rio de desafios crescentes\",\"breadcrumb\":{\"@id\":\"https:\/\/sites.hostgrano.com.br\/rodrigoguerra\/2020\/03\/26\/coronavirus-e-a-pandemia-que-impulsiona-a-transformacao-da-saude\/#breadcrumb\"},\"inLanguage\":\"pt-BR\",\"potentialAction\":[{\"@type\":\"ReadAction\",\"target\":[\"https:\/\/sites.hostgrano.com.br\/rodrigoguerra\/2020\/03\/26\/coronavirus-e-a-pandemia-que-impulsiona-a-transformacao-da-saude\/\"]}]},{\"@type\":\"BreadcrumbList\",\"@id\":\"https:\/\/sites.hostgrano.com.br\/rodrigoguerra\/2020\/03\/26\/coronavirus-e-a-pandemia-que-impulsiona-a-transformacao-da-saude\/#breadcrumb\",\"itemListElement\":[{\"@type\":\"ListItem\",\"position\":1,\"name\":\"In\u00edcio\",\"item\":\"https:\/\/sites.hostgrano.com.br\/rodrigoguerra\/\"},{\"@type\":\"ListItem\",\"position\":2,\"name\":\"Coronav\u00edrus e a pandemia que impulsiona a transforma\u00e7\u00e3o da Sa\u00fade\"}]},{\"@type\":\"WebSite\",\"@id\":\"https:\/\/sites.hostgrano.com.br\/rodrigoguerra\/#website\",\"url\":\"https:\/\/sites.hostgrano.com.br\/rodrigoguerra\/\",\"name\":\"Unbox Project\",\"description\":\"Desencaixotando o pensamento cr\u00edtico que deve(ria) anteceder a inova\u00e7\u00e3o\",\"potentialAction\":[{\"@type\":\"SearchAction\",\"target\":{\"@type\":\"EntryPoint\",\"urlTemplate\":\"https:\/\/sites.hostgrano.com.br\/rodrigoguerra\/?s={search_term_string}\"},\"query-input\":\"required name=search_term_string\"}],\"inLanguage\":\"pt-BR\"},{\"@type\":\"Person\",\"@id\":\"https:\/\/sites.hostgrano.com.br\/rodrigoguerra\/#\/schema\/person\/4c19012d2f9aacb15ef3281e96fc45e7\",\"name\":\"essense\",\"image\":{\"@type\":\"ImageObject\",\"inLanguage\":\"pt-BR\",\"@id\":\"https:\/\/sites.hostgrano.com.br\/rodrigoguerra\/#\/schema\/person\/image\/\",\"url\":\"https:\/\/secure.gravatar.com\/avatar\/2cb037abd7571a2c6f58c92c6bfe0942?s=96&d=mm&r=g\",\"contentUrl\":\"https:\/\/secure.gravatar.com\/avatar\/2cb037abd7571a2c6f58c92c6bfe0942?s=96&d=mm&r=g\",\"caption\":\"essense\"},\"url\":\"https:\/\/sites.hostgrano.com.br\/rodrigoguerra\/author\/essense\/\"}]}<\/script>\n<!-- \/ Yoast SEO plugin. -->","yoast_head_json":{"title":"Coronav\u00edrus e a pandemia que impulsiona a transforma\u00e7\u00e3o da Sa\u00fade - Unbox Project","description":"Diante de uma situa\u00e7\u00e3o que n\u00e3o cabia nem nas proje\u00e7\u00f5es mais pessimistas, \u00e9 fundamental repensar o uso dos recursos e se preparar para um cen\u00e1rio de desafios crescentes","robots":{"index":"index","follow":"follow","max-snippet":"max-snippet:-1","max-image-preview":"max-image-preview:large","max-video-preview":"max-video-preview:-1"},"canonical":"https:\/\/sites.hostgrano.com.br\/rodrigoguerra\/2020\/03\/26\/coronavirus-e-a-pandemia-que-impulsiona-a-transformacao-da-saude\/","og_locale":"pt_BR","og_type":"article","og_title":"Coronav\u00edrus e a pandemia que impulsiona a transforma\u00e7\u00e3o da Sa\u00fade - Unbox Project","og_description":"Diante de uma situa\u00e7\u00e3o que n\u00e3o cabia nem nas proje\u00e7\u00f5es mais pessimistas, \u00e9 fundamental repensar o uso dos recursos e se preparar para um cen\u00e1rio de desafios crescentes","og_url":"https:\/\/sites.hostgrano.com.br\/rodrigoguerra\/2020\/03\/26\/coronavirus-e-a-pandemia-que-impulsiona-a-transformacao-da-saude\/","og_site_name":"Unbox Project","article_published_time":"2020-03-26T16:13:08+00:00","article_modified_time":"2021-08-16T21:26:58+00:00","og_image":[{"width":1000,"height":667,"url":"https:\/\/sites.hostgrano.com.br\/rodrigoguerra\/wp-content\/uploads\/sites\/5\/2021\/08\/Coronavirus-e-a-pandemia-que-impulsiona-a-transformacao-da-Saude-.jpg","type":"image\/jpeg"}],"author":"essense","twitter_card":"summary_large_image","twitter_misc":{"Escrito por":"essense","Est. tempo de leitura":"4 minutos"},"schema":{"@context":"https:\/\/schema.org","@graph":[{"@type":"WebPage","@id":"https:\/\/sites.hostgrano.com.br\/rodrigoguerra\/2020\/03\/26\/coronavirus-e-a-pandemia-que-impulsiona-a-transformacao-da-saude\/","url":"https:\/\/sites.hostgrano.com.br\/rodrigoguerra\/2020\/03\/26\/coronavirus-e-a-pandemia-que-impulsiona-a-transformacao-da-saude\/","name":"Coronav\u00edrus e a pandemia que impulsiona a transforma\u00e7\u00e3o da Sa\u00fade - Unbox Project","isPartOf":{"@id":"https:\/\/sites.hostgrano.com.br\/rodrigoguerra\/#website"},"datePublished":"2020-03-26T16:13:08+00:00","dateModified":"2021-08-16T21:26:58+00:00","author":{"@id":"https:\/\/sites.hostgrano.com.br\/rodrigoguerra\/#\/schema\/person\/4c19012d2f9aacb15ef3281e96fc45e7"},"description":"Diante de uma situa\u00e7\u00e3o que n\u00e3o cabia nem nas proje\u00e7\u00f5es mais pessimistas, \u00e9 fundamental repensar o uso dos recursos e se preparar para um cen\u00e1rio de desafios crescentes","breadcrumb":{"@id":"https:\/\/sites.hostgrano.com.br\/rodrigoguerra\/2020\/03\/26\/coronavirus-e-a-pandemia-que-impulsiona-a-transformacao-da-saude\/#breadcrumb"},"inLanguage":"pt-BR","potentialAction":[{"@type":"ReadAction","target":["https:\/\/sites.hostgrano.com.br\/rodrigoguerra\/2020\/03\/26\/coronavirus-e-a-pandemia-que-impulsiona-a-transformacao-da-saude\/"]}]},{"@type":"BreadcrumbList","@id":"https:\/\/sites.hostgrano.com.br\/rodrigoguerra\/2020\/03\/26\/coronavirus-e-a-pandemia-que-impulsiona-a-transformacao-da-saude\/#breadcrumb","itemListElement":[{"@type":"ListItem","position":1,"name":"In\u00edcio","item":"https:\/\/sites.hostgrano.com.br\/rodrigoguerra\/"},{"@type":"ListItem","position":2,"name":"Coronav\u00edrus e a pandemia que impulsiona a transforma\u00e7\u00e3o da Sa\u00fade"}]},{"@type":"WebSite","@id":"https:\/\/sites.hostgrano.com.br\/rodrigoguerra\/#website","url":"https:\/\/sites.hostgrano.com.br\/rodrigoguerra\/","name":"Unbox Project","description":"Desencaixotando o pensamento cr\u00edtico que deve(ria) anteceder a inova\u00e7\u00e3o","potentialAction":[{"@type":"SearchAction","target":{"@type":"EntryPoint","urlTemplate":"https:\/\/sites.hostgrano.com.br\/rodrigoguerra\/?s={search_term_string}"},"query-input":"required name=search_term_string"}],"inLanguage":"pt-BR"},{"@type":"Person","@id":"https:\/\/sites.hostgrano.com.br\/rodrigoguerra\/#\/schema\/person\/4c19012d2f9aacb15ef3281e96fc45e7","name":"essense","image":{"@type":"ImageObject","inLanguage":"pt-BR","@id":"https:\/\/sites.hostgrano.com.br\/rodrigoguerra\/#\/schema\/person\/image\/","url":"https:\/\/secure.gravatar.com\/avatar\/2cb037abd7571a2c6f58c92c6bfe0942?s=96&d=mm&r=g","contentUrl":"https:\/\/secure.gravatar.com\/avatar\/2cb037abd7571a2c6f58c92c6bfe0942?s=96&d=mm&r=g","caption":"essense"},"url":"https:\/\/sites.hostgrano.com.br\/rodrigoguerra\/author\/essense\/"}]}},"yoast_title":"Coronav\u00edrus e a pandemia que impulsiona a transforma\u00e7\u00e3o da Sa\u00fade - Unbox Project","yoast_meta":[{"name":"description","content":"Diante de uma situa\u00e7\u00e3o que n\u00e3o cabia nem nas proje\u00e7\u00f5es mais pessimistas, \u00e9 fundamental repensar o uso dos recursos e se preparar para um cen\u00e1rio de desafios crescentes"},{"name":"robots","content":"index, follow, max-snippet:-1, max-image-preview:large, max-video-preview:-1"},{"property":"og:locale","content":"pt_BR"},{"property":"og:type","content":"article"},{"property":"og:title","content":"Coronav\u00edrus e a pandemia que impulsiona a transforma\u00e7\u00e3o da Sa\u00fade - Unbox Project"},{"property":"og:description","content":"Diante de uma situa\u00e7\u00e3o que n\u00e3o cabia nem nas proje\u00e7\u00f5es mais pessimistas, \u00e9 fundamental repensar o uso dos recursos e se preparar para um cen\u00e1rio de desafios crescentes"},{"property":"og:url","content":"https:\/\/sites.hostgrano.com.br\/rodrigoguerra\/2020\/03\/26\/coronavirus-e-a-pandemia-que-impulsiona-a-transformacao-da-saude\/"},{"property":"og:site_name","content":"Unbox Project"},{"property":"article:published_time","content":"2020-03-26T16:13:08+00:00"},{"property":"article:modified_time","content":"2021-08-16T21:26:58+00:00"},{"property":"og:image","content":"https:\/\/sites.hostgrano.com.br\/rodrigoguerra\/wp-content\/uploads\/sites\/5\/2021\/08\/Coronavirus-e-a-pandemia-que-impulsiona-a-transformacao-da-Saude-.jpg"},{"property":"og:image:width","content":"1000"},{"property":"og:image:height","content":"667"},{"property":"og:image:type","content":"image\/jpeg"},{"name":"author","content":"essense"},{"name":"twitter:card","content":"summary_large_image"},{"name":"twitter:label1","content":"Escrito por"},{"name":"twitter:data1","content":"essense"},{"name":"twitter:label2","content":"Est. tempo de leitura"},{"name":"twitter:data2","content":"4 minutos"},{"name":"robots","content":"index, follow, max-image-preview:large, max-snippet:-1, max-video-preview:-1"}],"yoast_json_ld":[{"@context":"https:\/\/schema.org","@graph":[{"@type":"WebPage","@id":"https:\/\/sites.hostgrano.com.br\/rodrigoguerra\/2020\/03\/26\/coronavirus-e-a-pandemia-que-impulsiona-a-transformacao-da-saude\/","url":"https:\/\/sites.hostgrano.com.br\/rodrigoguerra\/2020\/03\/26\/coronavirus-e-a-pandemia-que-impulsiona-a-transformacao-da-saude\/","name":"Coronav&iacute;rus e a pandemia que impulsiona a transforma&ccedil;&atilde;o da Sa&uacute;de - Unbox Project","isPartOf":{"@id":"https:\/\/sites.hostgrano.com.br\/rodrigoguerra\/#website"},"datePublished":"2020-03-26T16:13:08+00:00","dateModified":"2021-08-16T21:26:58+00:00","author":{"@id":"https:\/\/sites.hostgrano.com.br\/rodrigoguerra\/#\/schema\/person\/4c19012d2f9aacb15ef3281e96fc45e7"},"description":"Diante de uma situa&ccedil;&atilde;o que n&atilde;o cabia nem nas proje&ccedil;&otilde;es mais pessimistas, &eacute; fundamental repensar o uso dos recursos e se preparar para um cen&aacute;rio de desafios crescentes","breadcrumb":{"@id":"https:\/\/sites.hostgrano.com.br\/rodrigoguerra\/2020\/03\/26\/coronavirus-e-a-pandemia-que-impulsiona-a-transformacao-da-saude\/#breadcrumb"},"inLanguage":"pt-BR","potentialAction":[{"@type":"ReadAction","target":["https:\/\/sites.hostgrano.com.br\/rodrigoguerra\/2020\/03\/26\/coronavirus-e-a-pandemia-que-impulsiona-a-transformacao-da-saude\/"]}]},{"@type":"BreadcrumbList","@id":"https:\/\/sites.hostgrano.com.br\/rodrigoguerra\/2020\/03\/26\/coronavirus-e-a-pandemia-que-impulsiona-a-transformacao-da-saude\/#breadcrumb","itemListElement":[{"@type":"ListItem","position":1,"name":"In&iacute;cio","item":"https:\/\/sites.hostgrano.com.br\/rodrigoguerra\/"},{"@type":"ListItem","position":2,"name":"Coronav&iacute;rus e a pandemia que impulsiona a transforma&ccedil;&atilde;o da Sa&uacute;de"}]},{"@type":"WebSite","@id":"https:\/\/sites.hostgrano.com.br\/rodrigoguerra\/#website","url":"https:\/\/sites.hostgrano.com.br\/rodrigoguerra\/","name":"Unbox Project","description":"Desencaixotando o pensamento cr&iacute;tico que deve(ria) anteceder a inova&ccedil;&atilde;o","potentialAction":[{"@type":"SearchAction","target":{"@type":"EntryPoint","urlTemplate":"https:\/\/sites.hostgrano.com.br\/rodrigoguerra\/?s={search_term_string}"},"query-input":"required name=search_term_string"}],"inLanguage":"pt-BR"},{"@type":"Person","@id":"https:\/\/sites.hostgrano.com.br\/rodrigoguerra\/#\/schema\/person\/4c19012d2f9aacb15ef3281e96fc45e7","name":"essense","image":{"@type":"ImageObject","inLanguage":"pt-BR","@id":"https:\/\/sites.hostgrano.com.br\/rodrigoguerra\/#\/schema\/person\/image\/","url":"https:\/\/secure.gravatar.com\/avatar\/2cb037abd7571a2c6f58c92c6bfe0942?s=96&d=mm&r=g","contentUrl":"https:\/\/secure.gravatar.com\/avatar\/2cb037abd7571a2c6f58c92c6bfe0942?s=96&d=mm&r=g","caption":"essense"},"url":"https:\/\/sites.hostgrano.com.br\/rodrigoguerra\/author\/essense\/"}]}],"_links":{"self":[{"href":"https:\/\/sites.hostgrano.com.br\/rodrigoguerra\/wp-json\/wp\/v2\/posts\/99"}],"collection":[{"href":"https:\/\/sites.hostgrano.com.br\/rodrigoguerra\/wp-json\/wp\/v2\/posts"}],"about":[{"href":"https:\/\/sites.hostgrano.com.br\/rodrigoguerra\/wp-json\/wp\/v2\/types\/post"}],"author":[{"embeddable":true,"href":"https:\/\/sites.hostgrano.com.br\/rodrigoguerra\/wp-json\/wp\/v2\/users\/1027"}],"replies":[{"embeddable":true,"href":"https:\/\/sites.hostgrano.com.br\/rodrigoguerra\/wp-json\/wp\/v2\/comments?post=99"}],"version-history":[{"count":2,"href":"https:\/\/sites.hostgrano.com.br\/rodrigoguerra\/wp-json\/wp\/v2\/posts\/99\/revisions"}],"predecessor-version":[{"id":102,"href":"https:\/\/sites.hostgrano.com.br\/rodrigoguerra\/wp-json\/wp\/v2\/posts\/99\/revisions\/102"}],"wp:featuredmedia":[{"embeddable":true,"href":"https:\/\/sites.hostgrano.com.br\/rodrigoguerra\/wp-json\/wp\/v2\/media\/100"}],"wp:attachment":[{"href":"https:\/\/sites.hostgrano.com.br\/rodrigoguerra\/wp-json\/wp\/v2\/media?parent=99"}],"wp:term":[{"taxonomy":"category","embeddable":true,"href":"https:\/\/sites.hostgrano.com.br\/rodrigoguerra\/wp-json\/wp\/v2\/categories?post=99"},{"taxonomy":"post_tag","embeddable":true,"href":"https:\/\/sites.hostgrano.com.br\/rodrigoguerra\/wp-json\/wp\/v2\/tags?post=99"}],"curies":[{"name":"wp","href":"https:\/\/api.w.org\/{rel}","templated":true}]}}