{"id":47,"date":"2020-05-21T00:39:01","date_gmt":"2020-05-21T03:39:01","guid":{"rendered":"https:\/\/sites.hostgrano.com.br\/designingsaude\/2020\/05\/21\/mesa-redonda-na-iii-jornada-pela-saude\/"},"modified":"2021-07-02T12:05:57","modified_gmt":"2021-07-02T15:05:57","slug":"mesa-redonda-na-iii-jornada-pela-saude","status":"publish","type":"post","link":"https:\/\/sites.hostgrano.com.br\/designingsaude\/2020\/05\/21\/mesa-redonda-na-iii-jornada-pela-saude\/","title":{"rendered":"Mesa Redonda na III JORNADA PELA SA\u00daDE"},"content":{"rendered":"<p>Martha Oliveira, Diretora Executiva da DESIGNING SA\u00daDE, participou hoje da mesa redonda na III Jornada pela Sa\u00fade: a Blueprint for Success, evento produzido pelo Est\u00fadio FOLHA de SP e Takeda. O tema em debate foi acesso \u00e0 sa\u00fade: desafios e oportunidades para gerar valor no mercado p\u00fablico e privado. Parab\u00e9ns aos componentes da mesa pelo excelente n\u00edvel da discuss\u00e3o, e aos organizadores pela iniciativa do evento!<a href=\"https:\/\/www.linkedin.com\/feed\/hashtag\/?keywords=successbrazilsummit&amp;highlightedUpdateUrns=urn%3Ali%3Aactivity%3A6640362701996511234\" target=\"_blank\" rel=\"noopener\">#successbrazilsummit<\/a><a href=\"https:\/\/www.linkedin.com\/feed\/hashtag\/?keywords=designingsaude&amp;highlightedUpdateUrns=urn%3Ali%3Aactivity%3A6640362701996511234\" target=\"_blank\" rel=\"noopener\">#designingsaude<\/a><a href=\"https:\/\/www.linkedin.com\/feed\/hashtag\/?keywords=valoremsaude&amp;highlightedUpdateUrns=urn%3Ali%3Aactivity%3A6640362701996511234\" target=\"_blank\" rel=\"noopener\">#valoremsaude<\/a><a href=\"https:\/\/www.linkedin.com\/feed\/hashtag\/?keywords=acessoemsaude&amp;highlightedUpdateUrns=urn%3Ali%3Aactivity%3A6640362701996511234\" target=\"_blank\" rel=\"noopener\">#acessoemsaude<\/a><a href=\"https:\/\/www.linkedin.com\/feed\/hashtag\/?keywords=desafiosdasaude&amp;highlightedUpdateUrns=urn%3Ali%3Aactivity%3A6640362701996511234\" target=\"_blank\" rel=\"noopener\">#desafiosdasaude<\/a><\/p>\n<figure><img decoding=\"async\" src=\"https:\/\/static.wixstatic.com\/media\/307936_0f4ed4c335c04e23bcccd5f8ccfa3c7a~mv2.jpg\/v1\/fit\/w_1000,h_825,al_c,q_80\/file.png\"><\/figure>\n","protected":false},"excerpt":{"rendered":"<p>Martha Oliveira, Diretora Executiva da DESIGNING SA\u00daDE, participou hoje da mesa redonda na III Jornada pela Sa\u00fade: a Blueprint for&#8230;<\/p>\n","protected":false},"author":1,"featured_media":33,"comment_status":"open","ping_status":"open","sticky":false,"template":"","format":"standard","meta":[],"categories":[5],"tags":[],"acf":[],"yoast_head":"<!-- This site is optimized with the Yoast SEO plugin v21.1 - https:\/\/yoast.com\/wordpress\/plugins\/seo\/ -->\n<title>Mesa Redonda na III JORNADA PELA SA\u00daDE - Designing Sa\u00fade<\/title>\n<meta name=\"robots\" content=\"index, follow, max-snippet:-1, max-image-preview:large, max-video-preview:-1\" \/>\n<link rel=\"canonical\" href=\"https:\/\/sites.hostgrano.com.br\/designingsaude\/2020\/05\/21\/mesa-redonda-na-iii-jornada-pela-saude\/\" \/>\n<meta property=\"og:locale\" content=\"pt_BR\" \/>\n<meta property=\"og:type\" content=\"article\" \/>\n<meta property=\"og:title\" content=\"Mesa Redonda na III JORNADA PELA SA\u00daDE - Designing Sa\u00fade\" \/>\n<meta property=\"og:description\" content=\"Martha Oliveira, Diretora Executiva da DESIGNING SA\u00daDE, participou hoje da mesa redonda na III Jornada pela Sa\u00fade: a Blueprint for...\" \/>\n<meta property=\"og:url\" content=\"https:\/\/sites.hostgrano.com.br\/designingsaude\/2020\/05\/21\/mesa-redonda-na-iii-jornada-pela-saude\/\" \/>\n<meta property=\"og:site_name\" content=\"Designing Sa\u00fade\" \/>\n<meta property=\"article:publisher\" content=\"https:\/\/web.facebook.com\/designingsaude?_rdc=1&amp;amp%3bamp%3bamp%3bamp%3bamp%3bamp%3bamp%3bamp%3bamp%3b_rdr\" \/>\n<meta property=\"article:published_time\" content=\"2020-05-21T03:39:01+00:00\" \/>\n<meta property=\"article:modified_time\" content=\"2021-07-02T15:05:57+00:00\" \/>\n<meta property=\"og:image\" content=\"https:\/\/sites.hostgrano.com.br\/designingsaude\/wp-content\/uploads\/sites\/7\/2021\/06\/file.png\" \/>\n\t<meta property=\"og:image:width\" content=\"1000\" \/>\n\t<meta property=\"og:image:height\" content=\"666\" \/>\n\t<meta property=\"og:image:type\" content=\"image\/png\" \/>\n<meta name=\"twitter:card\" content=\"summary_large_image\" \/>\n<meta name=\"twitter:label1\" content=\"Escrito por\" \/>\n\t<meta name=\"twitter:data1\" content=\"\" \/>\n<script type=\"application\/ld+json\" class=\"yoast-schema-graph\">{\"@context\":\"https:\/\/schema.org\",\"@graph\":[{\"@type\":\"Article\",\"@id\":\"https:\/\/sites.hostgrano.com.br\/designingsaude\/2020\/05\/21\/mesa-redonda-na-iii-jornada-pela-saude\/#article\",\"isPartOf\":{\"@id\":\"https:\/\/sites.hostgrano.com.br\/designingsaude\/2020\/05\/21\/mesa-redonda-na-iii-jornada-pela-saude\/\"},\"author\":{\"name\":\"\",\"@id\":\"\"},\"headline\":\"Mesa Redonda na III JORNADA PELA SA\u00daDE\",\"datePublished\":\"2020-05-21T03:39:01+00:00\",\"dateModified\":\"2021-07-02T15:05:57+00:00\",\"mainEntityOfPage\":{\"@id\":\"https:\/\/sites.hostgrano.com.br\/designingsaude\/2020\/05\/21\/mesa-redonda-na-iii-jornada-pela-saude\/\"},\"wordCount\":86,\"commentCount\":0,\"publisher\":{\"@id\":\"https:\/\/sites.hostgrano.com.br\/designingsaude\/#organization\"},\"articleSection\":[\"Futuro e tend\u00eancias\"],\"inLanguage\":\"pt-BR\",\"potentialAction\":[{\"@type\":\"CommentAction\",\"name\":\"Comment\",\"target\":[\"https:\/\/sites.hostgrano.com.br\/designingsaude\/2020\/05\/21\/mesa-redonda-na-iii-jornada-pela-saude\/#respond\"]}]},{\"@type\":\"WebPage\",\"@id\":\"https:\/\/sites.hostgrano.com.br\/designingsaude\/2020\/05\/21\/mesa-redonda-na-iii-jornada-pela-saude\/\",\"url\":\"https:\/\/sites.hostgrano.com.br\/designingsaude\/2020\/05\/21\/mesa-redonda-na-iii-jornada-pela-saude\/\",\"name\":\"Mesa Redonda na III JORNADA PELA SA\u00daDE - Designing Sa\u00fade\",\"isPartOf\":{\"@id\":\"https:\/\/sites.hostgrano.com.br\/designingsaude\/#website\"},\"datePublished\":\"2020-05-21T03:39:01+00:00\",\"dateModified\":\"2021-07-02T15:05:57+00:00\",\"breadcrumb\":{\"@id\":\"https:\/\/sites.hostgrano.com.br\/designingsaude\/2020\/05\/21\/mesa-redonda-na-iii-jornada-pela-saude\/#breadcrumb\"},\"inLanguage\":\"pt-BR\",\"potentialAction\":[{\"@type\":\"ReadAction\",\"target\":[\"https:\/\/sites.hostgrano.com.br\/designingsaude\/2020\/05\/21\/mesa-redonda-na-iii-jornada-pela-saude\/\"]}]},{\"@type\":\"BreadcrumbList\",\"@id\":\"https:\/\/sites.hostgrano.com.br\/designingsaude\/2020\/05\/21\/mesa-redonda-na-iii-jornada-pela-saude\/#breadcrumb\",\"itemListElement\":[{\"@type\":\"ListItem\",\"position\":1,\"name\":\"In\u00edcio\",\"item\":\"https:\/\/sites.hostgrano.com.br\/designingsaude\/\"},{\"@type\":\"ListItem\",\"position\":2,\"name\":\"Mesa Redonda na III JORNADA PELA SA\u00daDE\"}]},{\"@type\":\"WebSite\",\"@id\":\"https:\/\/sites.hostgrano.com.br\/designingsaude\/#website\",\"url\":\"https:\/\/sites.hostgrano.com.br\/designingsaude\/\",\"name\":\"Designing Sa\u00fade\",\"description\":\"Solu\u00e7\u00f5es em consultoria e gest\u00e3o de Sa\u00fade\",\"publisher\":{\"@id\":\"https:\/\/sites.hostgrano.com.br\/designingsaude\/#organization\"},\"potentialAction\":[{\"@type\":\"SearchAction\",\"target\":{\"@type\":\"EntryPoint\",\"urlTemplate\":\"https:\/\/sites.hostgrano.com.br\/designingsaude\/?s={search_term_string}\"},\"query-input\":\"required name=search_term_string\"}],\"inLanguage\":\"pt-BR\"},{\"@type\":\"Organization\",\"@id\":\"https:\/\/sites.hostgrano.com.br\/designingsaude\/#organization\",\"name\":\"Designing Sa\u00fade\",\"url\":\"https:\/\/sites.hostgrano.com.br\/designingsaude\/\",\"logo\":{\"@type\":\"ImageObject\",\"inLanguage\":\"pt-BR\",\"@id\":\"https:\/\/sites.hostgrano.com.br\/designingsaude\/#\/schema\/logo\/image\/\",\"url\":\"https:\/\/sites.hostgrano.com.br\/designingsaude\/wp-content\/uploads\/sites\/7\/2021\/07\/logo.png\",\"contentUrl\":\"https:\/\/sites.hostgrano.com.br\/designingsaude\/wp-content\/uploads\/sites\/7\/2021\/07\/logo.png\",\"width\":396,\"height\":396,\"caption\":\"Designing Sa\u00fade\"},\"image\":{\"@id\":\"https:\/\/sites.hostgrano.com.br\/designingsaude\/#\/schema\/logo\/image\/\"},\"sameAs\":[\"https:\/\/web.facebook.com\/designingsaude?_rdc=1&amp;amp;amp;amp;amp;amp;amp;amp;amp;_rdr\",\"https:\/\/www.instagram.com\/designingsaude\/\",\"https:\/\/www.linkedin.com\/company\/designingsaude\/\",\"https:\/\/www.youtube.com\/channel\/UCkEWTeBDxcT22zzhv_l2YPg\"]},{\"@type\":\"Person\",\"@id\":\"\",\"url\":\"https:\/\/sites.hostgrano.com.br\/designingsaude\/author\/\"}]}<\/script>\n<!-- \/ Yoast SEO plugin. -->","yoast_head_json":{"title":"Mesa Redonda na III JORNADA PELA SA\u00daDE - Designing Sa\u00fade","robots":{"index":"index","follow":"follow","max-snippet":"max-snippet:-1","max-image-preview":"max-image-preview:large","max-video-preview":"max-video-preview:-1"},"canonical":"https:\/\/sites.hostgrano.com.br\/designingsaude\/2020\/05\/21\/mesa-redonda-na-iii-jornada-pela-saude\/","og_locale":"pt_BR","og_type":"article","og_title":"Mesa Redonda na III JORNADA PELA SA\u00daDE - Designing Sa\u00fade","og_description":"Martha Oliveira, Diretora Executiva da DESIGNING SA\u00daDE, participou hoje da mesa redonda na III Jornada pela Sa\u00fade: a Blueprint for...","og_url":"https:\/\/sites.hostgrano.com.br\/designingsaude\/2020\/05\/21\/mesa-redonda-na-iii-jornada-pela-saude\/","og_site_name":"Designing Sa\u00fade","article_publisher":"https:\/\/web.facebook.com\/designingsaude?_rdc=1&amp%3bamp%3bamp%3bamp%3bamp%3bamp%3bamp%3bamp%3bamp%3b_rdr","article_published_time":"2020-05-21T03:39:01+00:00","article_modified_time":"2021-07-02T15:05:57+00:00","og_image":[{"width":1000,"height":666,"url":"https:\/\/sites.hostgrano.com.br\/designingsaude\/wp-content\/uploads\/sites\/7\/2021\/06\/file.png","type":"image\/png"}],"twitter_card":"summary_large_image","twitter_misc":{"Escrito por":""},"schema":{"@context":"https:\/\/schema.org","@graph":[{"@type":"Article","@id":"https:\/\/sites.hostgrano.com.br\/designingsaude\/2020\/05\/21\/mesa-redonda-na-iii-jornada-pela-saude\/#article","isPartOf":{"@id":"https:\/\/sites.hostgrano.com.br\/designingsaude\/2020\/05\/21\/mesa-redonda-na-iii-jornada-pela-saude\/"},"author":{"name":"","@id":""},"headline":"Mesa Redonda na III JORNADA PELA SA\u00daDE","datePublished":"2020-05-21T03:39:01+00:00","dateModified":"2021-07-02T15:05:57+00:00","mainEntityOfPage":{"@id":"https:\/\/sites.hostgrano.com.br\/designingsaude\/2020\/05\/21\/mesa-redonda-na-iii-jornada-pela-saude\/"},"wordCount":86,"commentCount":0,"publisher":{"@id":"https:\/\/sites.hostgrano.com.br\/designingsaude\/#organization"},"articleSection":["Futuro e tend\u00eancias"],"inLanguage":"pt-BR","potentialAction":[{"@type":"CommentAction","name":"Comment","target":["https:\/\/sites.hostgrano.com.br\/designingsaude\/2020\/05\/21\/mesa-redonda-na-iii-jornada-pela-saude\/#respond"]}]},{"@type":"WebPage","@id":"https:\/\/sites.hostgrano.com.br\/designingsaude\/2020\/05\/21\/mesa-redonda-na-iii-jornada-pela-saude\/","url":"https:\/\/sites.hostgrano.com.br\/designingsaude\/2020\/05\/21\/mesa-redonda-na-iii-jornada-pela-saude\/","name":"Mesa Redonda na III JORNADA PELA SA\u00daDE - Designing Sa\u00fade","isPartOf":{"@id":"https:\/\/sites.hostgrano.com.br\/designingsaude\/#website"},"datePublished":"2020-05-21T03:39:01+00:00","dateModified":"2021-07-02T15:05:57+00:00","breadcrumb":{"@id":"https:\/\/sites.hostgrano.com.br\/designingsaude\/2020\/05\/21\/mesa-redonda-na-iii-jornada-pela-saude\/#breadcrumb"},"inLanguage":"pt-BR","potentialAction":[{"@type":"ReadAction","target":["https:\/\/sites.hostgrano.com.br\/designingsaude\/2020\/05\/21\/mesa-redonda-na-iii-jornada-pela-saude\/"]}]},{"@type":"BreadcrumbList","@id":"https:\/\/sites.hostgrano.com.br\/designingsaude\/2020\/05\/21\/mesa-redonda-na-iii-jornada-pela-saude\/#breadcrumb","itemListElement":[{"@type":"ListItem","position":1,"name":"In\u00edcio","item":"https:\/\/sites.hostgrano.com.br\/designingsaude\/"},{"@type":"ListItem","position":2,"name":"Mesa Redonda na III JORNADA PELA SA\u00daDE"}]},{"@type":"WebSite","@id":"https:\/\/sites.hostgrano.com.br\/designingsaude\/#website","url":"https:\/\/sites.hostgrano.com.br\/designingsaude\/","name":"Designing Sa\u00fade","description":"Solu\u00e7\u00f5es em consultoria e gest\u00e3o de Sa\u00fade","publisher":{"@id":"https:\/\/sites.hostgrano.com.br\/designingsaude\/#organization"},"potentialAction":[{"@type":"SearchAction","target":{"@type":"EntryPoint","urlTemplate":"https:\/\/sites.hostgrano.com.br\/designingsaude\/?s={search_term_string}"},"query-input":"required name=search_term_string"}],"inLanguage":"pt-BR"},{"@type":"Organization","@id":"https:\/\/sites.hostgrano.com.br\/designingsaude\/#organization","name":"Designing Sa\u00fade","url":"https:\/\/sites.hostgrano.com.br\/designingsaude\/","logo":{"@type":"ImageObject","inLanguage":"pt-BR","@id":"https:\/\/sites.hostgrano.com.br\/designingsaude\/#\/schema\/logo\/image\/","url":"https:\/\/sites.hostgrano.com.br\/designingsaude\/wp-content\/uploads\/sites\/7\/2021\/07\/logo.png","contentUrl":"https:\/\/sites.hostgrano.com.br\/designingsaude\/wp-content\/uploads\/sites\/7\/2021\/07\/logo.png","width":396,"height":396,"caption":"Designing Sa\u00fade"},"image":{"@id":"https:\/\/sites.hostgrano.com.br\/designingsaude\/#\/schema\/logo\/image\/"},"sameAs":["https:\/\/web.facebook.com\/designingsaude?_rdc=1&amp;amp;amp;amp;amp;amp;amp;amp;amp;_rdr","https:\/\/www.instagram.com\/designingsaude\/","https:\/\/www.linkedin.com\/company\/designingsaude\/","https:\/\/www.youtube.com\/channel\/UCkEWTeBDxcT22zzhv_l2YPg"]},{"@type":"Person","@id":"","url":"https:\/\/sites.hostgrano.com.br\/designingsaude\/author\/"}]}},"yoast_title":"Mesa Redonda na III JORNADA PELA SA\u00daDE - Designing Sa\u00fade","yoast_meta":[{"name":"robots","content":"index, follow, max-snippet:-1, max-image-preview:large, max-video-preview:-1"},{"property":"og:locale","content":"pt_BR"},{"property":"og:type","content":"article"},{"property":"og:title","content":"Mesa Redonda na III JORNADA PELA SA\u00daDE - Designing Sa\u00fade"},{"property":"og:description","content":"Martha Oliveira, Diretora Executiva da DESIGNING SA\u00daDE, participou hoje da mesa redonda na III Jornada pela Sa\u00fade: a Blueprint for..."},{"property":"og:url","content":"https:\/\/sites.hostgrano.com.br\/designingsaude\/2020\/05\/21\/mesa-redonda-na-iii-jornada-pela-saude\/"},{"property":"og:site_name","content":"Designing Sa\u00fade"},{"property":"article:publisher","content":"https:\/\/web.facebook.com\/designingsaude?_rdc=1&amp;amp%3bamp%3bamp%3bamp%3bamp%3bamp%3bamp%3bamp%3bamp%3b_rdr"},{"property":"article:published_time","content":"2020-05-21T03:39:01+00:00"},{"property":"article:modified_time","content":"2021-07-02T15:05:57+00:00"},{"property":"og:image","content":"https:\/\/sites.hostgrano.com.br\/designingsaude\/wp-content\/uploads\/sites\/7\/2021\/06\/file.png"},{"property":"og:image:width","content":"1000"},{"property":"og:image:height","content":"666"},{"property":"og:image:type","content":"image\/png"},{"name":"twitter:card","content":"summary_large_image"},{"name":"twitter:label1","content":"Escrito por"},{"name":"twitter:data1","content":""},{"name":"robots","content":"index, follow, max-image-preview:large, max-snippet:-1, max-video-preview:-1"}],"yoast_json_ld":[{"@context":"https:\/\/schema.org","@graph":[{"@type":"Article","@id":"https:\/\/sites.hostgrano.com.br\/designingsaude\/2020\/05\/21\/mesa-redonda-na-iii-jornada-pela-saude\/#article","isPartOf":{"@id":"https:\/\/sites.hostgrano.com.br\/designingsaude\/2020\/05\/21\/mesa-redonda-na-iii-jornada-pela-saude\/"},"author":{"name":"","@id":""},"headline":"Mesa Redonda na III JORNADA PELA SA&Uacute;DE","datePublished":"2020-05-21T03:39:01+00:00","dateModified":"2021-07-02T15:05:57+00:00","mainEntityOfPage":{"@id":"https:\/\/sites.hostgrano.com.br\/designingsaude\/2020\/05\/21\/mesa-redonda-na-iii-jornada-pela-saude\/"},"wordCount":86,"commentCount":0,"publisher":{"@id":"https:\/\/sites.hostgrano.com.br\/designingsaude\/#organization"},"articleSection":["Futuro e tend&ecirc;ncias"],"inLanguage":"pt-BR","potentialAction":[{"@type":"CommentAction","name":"Comment","target":["https:\/\/sites.hostgrano.com.br\/designingsaude\/2020\/05\/21\/mesa-redonda-na-iii-jornada-pela-saude\/#respond"]}]},{"@type":"WebPage","@id":"https:\/\/sites.hostgrano.com.br\/designingsaude\/2020\/05\/21\/mesa-redonda-na-iii-jornada-pela-saude\/","url":"https:\/\/sites.hostgrano.com.br\/designingsaude\/2020\/05\/21\/mesa-redonda-na-iii-jornada-pela-saude\/","name":"Mesa Redonda na III JORNADA PELA SA&Uacute;DE - Designing Sa&uacute;de","isPartOf":{"@id":"https:\/\/sites.hostgrano.com.br\/designingsaude\/#website"},"datePublished":"2020-05-21T03:39:01+00:00","dateModified":"2021-07-02T15:05:57+00:00","breadcrumb":{"@id":"https:\/\/sites.hostgrano.com.br\/designingsaude\/2020\/05\/21\/mesa-redonda-na-iii-jornada-pela-saude\/#breadcrumb"},"inLanguage":"pt-BR","potentialAction":[{"@type":"ReadAction","target":["https:\/\/sites.hostgrano.com.br\/designingsaude\/2020\/05\/21\/mesa-redonda-na-iii-jornada-pela-saude\/"]}]},{"@type":"BreadcrumbList","@id":"https:\/\/sites.hostgrano.com.br\/designingsaude\/2020\/05\/21\/mesa-redonda-na-iii-jornada-pela-saude\/#breadcrumb","itemListElement":[{"@type":"ListItem","position":1,"name":"In&iacute;cio","item":"https:\/\/sites.hostgrano.com.br\/designingsaude\/"},{"@type":"ListItem","position":2,"name":"Mesa Redonda na III JORNADA PELA SA&Uacute;DE"}]},{"@type":"WebSite","@id":"https:\/\/sites.hostgrano.com.br\/designingsaude\/#website","url":"https:\/\/sites.hostgrano.com.br\/designingsaude\/","name":"Designing Sa&uacute;de","description":"Solu&ccedil;&otilde;es em consultoria e gest&atilde;o de Sa&uacute;de","publisher":{"@id":"https:\/\/sites.hostgrano.com.br\/designingsaude\/#organization"},"potentialAction":[{"@type":"SearchAction","target":{"@type":"EntryPoint","urlTemplate":"https:\/\/sites.hostgrano.com.br\/designingsaude\/?s={search_term_string}"},"query-input":"required name=search_term_string"}],"inLanguage":"pt-BR"},{"@type":"Organization","@id":"https:\/\/sites.hostgrano.com.br\/designingsaude\/#organization","name":"Designing Sa&uacute;de","url":"https:\/\/sites.hostgrano.com.br\/designingsaude\/","logo":{"@type":"ImageObject","inLanguage":"pt-BR","@id":"https:\/\/sites.hostgrano.com.br\/designingsaude\/#\/schema\/logo\/image\/","url":"https:\/\/sites.hostgrano.com.br\/designingsaude\/wp-content\/uploads\/sites\/7\/2021\/07\/logo.png","contentUrl":"https:\/\/sites.hostgrano.com.br\/designingsaude\/wp-content\/uploads\/sites\/7\/2021\/07\/logo.png","width":396,"height":396,"caption":"Designing Sa&uacute;de"},"image":{"@id":"https:\/\/sites.hostgrano.com.br\/designingsaude\/#\/schema\/logo\/image\/"},"sameAs":["https:\/\/web.facebook.com\/designingsaude?_rdc=1&amp;amp;amp;amp;amp;amp;amp;amp;amp;_rdr","https:\/\/www.instagram.com\/designingsaude\/","https:\/\/www.linkedin.com\/company\/designingsaude\/","https:\/\/www.youtube.com\/channel\/UCkEWTeBDxcT22zzhv_l2YPg"]},{"@type":"Person","@id":"","url":"https:\/\/sites.hostgrano.com.br\/designingsaude\/author\/"}]}],"_links":{"self":[{"href":"https:\/\/sites.hostgrano.com.br\/designingsaude\/wp-json\/wp\/v2\/posts\/47"}],"collection":[{"href":"https:\/\/sites.hostgrano.com.br\/designingsaude\/wp-json\/wp\/v2\/posts"}],"about":[{"href":"https:\/\/sites.hostgrano.com.br\/designingsaude\/wp-json\/wp\/v2\/types\/post"}],"author":[{"embeddable":true,"href":"https:\/\/sites.hostgrano.com.br\/designingsaude\/wp-json\/wp\/v2\/users\/1"}],"replies":[{"embeddable":true,"href":"https:\/\/sites.hostgrano.com.br\/designingsaude\/wp-json\/wp\/v2\/comments?post=47"}],"version-history":[{"count":1,"href":"https:\/\/sites.hostgrano.com.br\/designingsaude\/wp-json\/wp\/v2\/posts\/47\/revisions"}],"predecessor-version":[{"id":101,"href":"https:\/\/sites.hostgrano.com.br\/designingsaude\/wp-json\/wp\/v2\/posts\/47\/revisions\/101"}],"wp:featuredmedia":[{"embeddable":true,"href":"https:\/\/sites.hostgrano.com.br\/designingsaude\/wp-json\/wp\/v2\/media\/33"}],"wp:attachment":[{"href":"https:\/\/sites.hostgrano.com.br\/designingsaude\/wp-json\/wp\/v2\/media?parent=47"}],"wp:term":[{"taxonomy":"category","embeddable":true,"href":"https:\/\/sites.hostgrano.com.br\/designingsaude\/wp-json\/wp\/v2\/categories?post=47"},{"taxonomy":"post_tag","embeddable":true,"href":"https:\/\/sites.hostgrano.com.br\/designingsaude\/wp-json\/wp\/v2\/tags?post=47"}],"curies":[{"name":"wp","href":"https:\/\/api.w.org\/{rel}","templated":true}]}}