{"id":34,"date":"2021-04-01T12:00:10","date_gmt":"2021-04-01T15:00:10","guid":{"rendered":"https:\/\/sites.hostgrano.com.br\/designingsaude\/2021\/04\/01\/designing-answers-1-sincronia-e-redes-de-assistencia-em-saude-no-combate-a-covid-19\/"},"modified":"2021-07-02T12:01:59","modified_gmt":"2021-07-02T15:01:59","slug":"designing-answers-1-sincronia-e-redes-de-assistencia-em-saude-no-combate-a-covid-19","status":"publish","type":"post","link":"https:\/\/sites.hostgrano.com.br\/designingsaude\/2021\/04\/01\/designing-answers-1-sincronia-e-redes-de-assistencia-em-saude-no-combate-a-covid-19\/","title":{"rendered":"Designing Answers #1: sincronia e redes de assist\u00eancia em Sa\u00fade no combate \u00e0 Covid-19"},"content":{"rendered":"<p><em>A Sa\u00fade precisa sair do plano te\u00f3rico e criar mudan\u00e7as efetivas &#8211; essa \u00e9 a motiva\u00e7\u00e3o da nossa nova s\u00e9rie de conte\u00fado. Na estreia, converso com Paulo Barreto, CEO do Hospital S\u00e3o Lucas, de Aracaju, sobre poss\u00edveis solu\u00e7\u00f5es para os desafios dos hospitais durante e ap\u00f3s a pandemia<\/em><\/p>\n<p><strong>Martha Oliveira*<\/strong><\/p>\n<p><em>Como gerir uma situa\u00e7\u00e3o de caos jamais esperada? <\/em><\/p>\n<p><em>E como se preparar para as consequ\u00eancias de longo prazo?<\/em><\/p>\n<p>Realizar a efetiva transforma\u00e7\u00e3o das institui\u00e7\u00f5es e, consequentemente, do sistema de Sa\u00fade brasileiro depende de a\u00e7\u00e3o. Esse movimento envolve tirar as mudan\u00e7as primordiais da zona da incerteza e espera, transformando-as em pr\u00e1tica no dia a dia dos neg\u00f3cios. \u00c9 para impulsionar essa a\u00e7\u00e3o que estreamos hoje<strong> a s\u00e9rie &#8220;Designing Answers&#8221;<\/strong>. A cada dois meses, vamos convidar um executivo de Sa\u00fade do mercado para compartilhar suas dores por aqui e, juntos, desenhar poss\u00edveis caminhos e solu\u00e7\u00f5es para resolv\u00ea-las.<\/p>\n<p>Nesta estreia, n\u00e3o tenho como deixar de falar que vivenciamos o pior cen\u00e1rio da pandemia da Covid-19, que completou um ano no Brasil em mar\u00e7o de 2020. Mortalidade recorde, vacina\u00e7\u00e3o lenta, desorganiza\u00e7\u00e3o geral no combate \u00e0 doen\u00e7a e colapso no sistema de Sa\u00fade de v\u00e1rias cidades e estados, com muitos hospitais atendendo bem acima de suas capacidades.<\/p>\n<p>Foi em meio a esse cen\u00e1rio que eu convidei o <strong>Paulo Barreto<\/strong>, CEO do Hospital S\u00e3o Lucas, de Aracaju (SE), para este bate-papo. Ele falou sobre os principais desafios da gest\u00e3o em Sa\u00fade neste momento em que a Covid-19 lota hospitais, ao mesmo tempo em que o tratamento de outras patologias, represado desde o ano passado, volta inevitavelmente a ocupar espa\u00e7o.<\/p>\n<p>E n\u00f3s tentamos, juntos, encontrar respostas para esse cen\u00e1rio de caos. \u00c9 dif\u00edcil? \u00c9. Mas \u00e9 poss\u00edvel. Vamos l\u00e1:<\/p>\n<figure><img decoding=\"async\" src=\"https:\/\/static.wixstatic.com\/media\/307936_d985a326f75344529798d035cd4bc275~mv2.png\/v1\/fit\/w_894,h_469,al_c,q_80\/file.png\" \/><\/figure>\n<p><em>Paulo, o que temos visto Brasil afora s\u00e3o unidades de terapia intensiva lotadas como nunca antes desde que a pandemia teve in\u00edcio. Eu imagino que a\u00ed no Hospital S\u00e3o Lucas a situa\u00e7\u00e3o n\u00e3o est\u00e1 muito diferente\u2026<\/em><\/p>\n<p><strong><em>Paulo: &#8220;Aqui no hospital t\u00ednhamos 50 leitos de UTI e, agora, estamos com 100 leitos de UTI, a maior parte ocupada com pacientes de Covid-19. \u00c9 uma situa\u00e7\u00e3o muito complexa, mas estamos lidando com ela: abrimos leitos em diferentes lugares do hospital e focamos nossos recursos, inclusive de pessoal, no que tem demanda maior, que agora \u00e9 a Covid-19. S\u00f3 que temos, tamb\u00e9m, que nos preparar para os atendimentos em outras especialidades que ficaram represados at\u00e9 ent\u00e3o e agora come\u00e7am a retornar ao hospital. E ningu\u00e9m fica sem assist\u00eancia, independentemente da patologia.&#8221;<\/em><\/strong><\/p>\n<p>No in\u00edcio da pandemia, Paulo achava que ela teria um marco temporal. Primeiro, o sistema trataria todos aqueles que contra\u00edssem a Covid-19 e, depois, daria vaz\u00e3o aos outros atendimentos. O problema \u00e9 que nunca houve uma prepara\u00e7\u00e3o para esse &#8220;depois&#8221;.<\/p>\n<p>E um problema maior ainda \u00e9 que a situa\u00e7\u00e3o se agravou. H\u00e1 idosos, por exemplo, que ficaram muito tempo em casa, mas agora est\u00e3o vacinados e come\u00e7am a buscar essa assist\u00eancia que ficou paralisada. E a pandemia, enquanto isso, ocupa mais do que nunca o sistema de Sa\u00fade. Ficou evidente que as duas coisas conviver\u00e3o juntas. Vai continuar esse &#8220;tudo ao mesmo tempo agora&#8221; nos pr\u00f3ximos meses.<\/p>\n<p><strong><em>Paulo: &#8220;O que eu percebo \u00e9 que essas retomadas t\u00eam sido surpreendentes tanto de um lado quanto do outro. Fomos, de certa forma, beneficiados no ano passado pelo esvaziamento pr\u00e9vio dos hospitais <\/em>[de pacientes de outras patologias]<em>, o que fez com que a gente n\u00e3o entrasse no caos logo no come\u00e7o. Mas estamos preocupados com a retomada porque n\u00e3o sabemos se ela vai nessa dire\u00e7\u00e3o de superlotar ou se vai na dire\u00e7\u00e3o de precisar desmobilizar tudo. Essas coisas n\u00e3o est\u00e3o sincronizadas. N\u00e3o existe um bot\u00e3o que clica e a pessoa diz &#8220;agora acalmou\u201d e todo mundo corre para os hospitais. Tem muita pergunta sem resposta.&#8221;<\/em><\/strong><\/p>\n<p><em>Voc\u00ea falou uma palavra a\u00ed, Paulo, que para mim \u00e9 o que est\u00e1 faltando mesmo. Essa palavra \u00e9:<\/em><\/p>\n<h2><strong>SINCRONIA<\/strong><\/h2>\n<p>Vai ser preciso organizar os pacientes de acordo com seus perfis, verificar se a patologia \u00e9 grave e entender quais s\u00e3o as necessidades. E isso n\u00e3o \u00e9 uma organiza\u00e7\u00e3o de Sa\u00fade sozinha quem faz.<\/p>\n<p>Os governos, por exemplo, poderiam separar seus departamentos de sa\u00fade em uma &#8216;sala vermelha&#8217;, lidando com a crise da Covid-19, e uma &#8216;sala laranja&#8217;, que pensaria, desde agora, nesse p\u00f3s-crise. Infelizmente, n\u00e3o vemos ningu\u00e9m tomando a frente disso, mas algu\u00e9m tem que fazer essa sincronia. A gente s\u00f3 n\u00e3o pode esperar que o hospital consiga parar agora para fazer isso, porque n\u00e3o h\u00e1 condi\u00e7\u00f5es. Mas uma sa\u00edda \u00e9 o redesenho desse processo de busca e acesso ao sistema de Sa\u00fade, com a forma\u00e7\u00e3o de <strong>redes de assist\u00eancia <\/strong>que articulem o cuidado.<\/p>\n<p>Precisamos montar essas redes \u2013 mesmo que, inicialmente, em um formato experimental \u2013 para organizar a assist\u00eancia e, futuramente, escalar o modelo de alguma forma.<\/p>\n<p>As operadoras de Sa\u00fade, talvez, tenham mais tempo, agora, para pensar nisso. At\u00e9 porque, l\u00e1 na frente, elas v\u00e3o precisar se preparar para atender esse perfil n\u00e3o-Covid-19, que certamente vai precisar de muita assist\u00eancia.<\/p>\n<p>Uma coisa que essa crise nos mostrou \u00e9 que, independentemente do sistema de Sa\u00fade do pa\u00eds, precisa haver uma <strong>pol\u00edtica p\u00fablica de sa\u00fade <\/strong>no combate \u00e0 pandemia. Os Estados Unidos tamb\u00e9m passaram por quest\u00f5es parecidas nas discuss\u00f5es sobre esse enfrentamento \u00e0 Covid-19. Ent\u00e3o, n\u00e3o importa se \u00e9 um sistema de sa\u00fade p\u00fablico, privado ou h\u00edbrido: a pol\u00edtica p\u00fablica \u00e9 fundamental para articular uma resposta \u00e1gil.<\/p>\n<p><strong><em>Paulo: &#8220;Com as pessoas ficando mais em casa e se cuidando menos, esperamos que o perfil epidemiol\u00f3gico mude. E n\u00e3o sabemos qual vai ser esse novo perfil de pacientes do p\u00f3s-pandemia&#8230;&#8221;<\/em><\/strong><\/p>\n<p>Teremos todo o tipo de p\u00fablico, mas h\u00e1 alguns perfis mais espec\u00edficos. Temos os idosos, como eu j\u00e1 citei, e tamb\u00e9m as crian\u00e7as. Hoje, com elas fechadas em casa, n\u00e3o temos casos de bronquiolite, por exemplo. Mas isso certamente ir\u00e1 voltar no futuro. E teremos que cuidar de outros aspectos das crian\u00e7as tamb\u00e9m&#8230; elas est\u00e3o ansiosas, com medo, e muito mais grudadas nas telas. Tudo isso gera uma consequ\u00eancia.<\/p>\n<p>O atendimento \u00e0 sa\u00fade mental certamente ser\u00e1 uma necessidade gigante no p\u00f3s-pandemia, assim como a fisioterapia, porque as pessoas ficaram tempo demais paradas em casa. Psiquiatras e fisioterapeutas podem se preparar para uma alta demanda.<\/p>\n<hr \/>\n<p>Agora vem comigo refletir sobre mais alguns pontos que levantamos neste bate-papo:<\/p>\n<ul>\n<li><strong>P\u00f3s-pandemia e deslocamento para o cuidado em casa<\/strong><\/li>\n<\/ul>\n<p>Paulo e eu conversamos tamb\u00e9m sobre os aspectos positivos da pandemia. Um deles foi que as pessoas passaram a buscar mais informa\u00e7\u00e3o. Hoje, elas sabem o que significa uma fase 1, 2, 3 de testes de uma vacina e param para assistir a uma reuni\u00e3o da Ag\u00eancia Nacional de Vigil\u00e2ncia Sanit\u00e1ria (Anvisa). Quem imaginaria isso? Apesar de toda a desinforma\u00e7\u00e3o \u2013 e fake news \u2013, as pessoas se preocupam mais com o autocuidado agora.<\/p>\n<p>Ao mesmo tempo, despontam as novas tecnologias, que deslocaram os cuidados de sa\u00fade do hospital para a casa das pessoas. A telemedicina \u00e9 a mais \u00f3bvia, mas assistentes pessoais tamb\u00e9m s\u00e3o capazes de monitorar pacientes at\u00e9 pelo timbre de voz.<\/p>\n<p>Isso j\u00e1 \u00e9 feito em casas com idosos com Alzheimer, por exemplo, e pode ser estendido a outras patologias. Ent\u00e3o, a gente observa que o atendimento de sa\u00fade, de alguma forma, est\u00e1 se deslocando para as casas das pessoas.<\/p>\n<blockquote><p><em>&#8220;Eu sou da \u00e1rea de tecnologia e acredito que ela ainda tem muito o que surpreender. Vai haver uma mistura das redes de assist\u00eancia com o empoderamento do paciente para o cuidado da sua sa\u00fade.&#8221; <\/em><\/p><\/blockquote>\n<blockquote><p><em>Paulo Barreto, CEO do Hospital S\u00e3o Lucas<\/em><\/p><\/blockquote>\n<ul>\n<li><strong>E o futuro?<\/strong><\/li>\n<\/ul>\n<p>O papo se estendeu at\u00e9 a possibilidade de que as redes sociais sirvam tamb\u00e9m para esse monitoramento. &#8220;N\u00e3o estar\u00edamos mais bem servidos se o Facebook ou o Evernote funcionassem como nossos prontu\u00e1rios?&#8221;, questionou Paulo.<\/p>\n<p>Eu acho que vai acontecer. N\u00e3o sei se acontecer\u00e1 com essas ferramentas, mas certamente a tecnologia ter\u00e1 um papel muito importante no monitoramento da nossa sa\u00fade.<\/p>\n<p>A conversa sobre as perspectivas tecnol\u00f3gicas levou a duas dicas liter\u00e1rias do Paulo:<\/p>\n<figure><img decoding=\"async\" src=\"https:\/\/static.wixstatic.com\/media\/307936_8b78d6da685a41b184f70db50c6cdee8~mv2.png\/v1\/fit\/w_150,h_225,al_c,q_80\/file.png\" \/><\/figure>\n<p><strong><em>&#8220;The Patient Will See You Now&#8221; (&#8220;O Paciente Ir\u00e1 V\u00ea-lo Agora&#8221;, sem tradu\u00e7\u00e3o para o portugu\u00eas)<\/em><\/strong><\/p>\n<p><strong>Autor: <\/strong>Eric Topol, cardiologista e cientista norte-americano.<\/p>\n<p>O t\u00edtulo j\u00e1 \u00e9 uma brincadeira com essas mudan\u00e7as de paradigma na medicina. &#8220;Ele fala sobre como o smartphone pode contribuir para o empoderamento do paciente&#8221;, contou o Paulo.<\/p>\n<figure><img decoding=\"async\" src=\"https:\/\/static.wixstatic.com\/media\/307936_d04d31f3930c459685074b7212dec50d~mv2.png\/v1\/fit\/w_159,h_233,al_c,q_80\/file.png\" \/><\/figure>\n<p><strong><em>O Novo Iluminismo<\/em><\/strong><\/p>\n<p><strong>Autor: <\/strong>Steven Pinker, psic\u00f3logo norte-americano<\/p>\n<p>E a\u00ed o papo come\u00e7ou a ficar um pouco mais tranquilo, levando para um lugar onde o futuro \u00e9 menos <em>dark<\/em>. &#8220;O Bill Gates contou que este \u00e9 o melhor livro que ele leu nos \u00faltimos anos. Porque ele mostra que, apesar de tudo, o mundo melhorou&#8221;, disse Paulo.<\/p>\n<blockquote><p><em>&#8220;Claro que o mundo n\u00e3o \u00e9 perfeito, ainda mais com a gente submerso na hist\u00f3ria do coronav\u00edrus. Mas h\u00e1 menos guerra do que no passado; os pobres de hoje n\u00e3o s\u00e3o iguais aos pobres do passado; o perigo nuclear n\u00e3o \u00e9 mais o mesmo. Mesmo se pensarmos na pandemia: como seria se ela acontecesse h\u00e1 40 anos?&#8221;<\/em><\/p><\/blockquote>\n<blockquote><p><em>Paulo Barreto, CEO do Hospital S\u00e3o Lucas<\/em><\/p><\/blockquote>\n<p>\u00c9\u2026 nem mesmo esse papo seria poss\u00edvel.<\/p>\n<p><em>*Martha Oliveira \u00e9 diretora executiva da Designing Sa\u00fade.<\/em><\/p>\n<p><em>Esta conversa foi mediada pelo jornalista Marcelo Freire, da ag\u00eancia essense.<\/em><\/p>\n","protected":false},"excerpt":{"rendered":"<p>A Sa\u00fade precisa sair do plano te\u00f3rico e criar mudan\u00e7as efetivas &#8211; essa \u00e9 a motiva\u00e7\u00e3o da nossa nova s\u00e9rie de conte\u00fado. Na estreia,&#8230;<\/p>\n","protected":false},"author":1024,"featured_media":94,"comment_status":"open","ping_status":"open","sticky":false,"template":"","format":"standard","meta":[],"categories":[7],"tags":[],"acf":[],"yoast_head":"<!-- This site is optimized with the Yoast SEO plugin v21.1 - https:\/\/yoast.com\/wordpress\/plugins\/seo\/ -->\n<title>Designing Answers #1: sincronia e redes de assist\u00eancia em Sa\u00fade no combate \u00e0 Covid-19 - Designing Sa\u00fade<\/title>\n<meta name=\"robots\" content=\"index, follow, max-snippet:-1, max-image-preview:large, max-video-preview:-1\" \/>\n<link rel=\"canonical\" href=\"https:\/\/sites.hostgrano.com.br\/designingsaude\/2021\/04\/01\/designing-answers-1-sincronia-e-redes-de-assistencia-em-saude-no-combate-a-covid-19\/\" \/>\n<meta property=\"og:locale\" content=\"pt_BR\" \/>\n<meta property=\"og:type\" content=\"article\" \/>\n<meta property=\"og:title\" content=\"Designing Answers #1: sincronia e redes de assist\u00eancia em Sa\u00fade no combate \u00e0 Covid-19 - Designing Sa\u00fade\" \/>\n<meta property=\"og:description\" content=\"A Sa\u00fade precisa sair do plano te\u00f3rico e criar mudan\u00e7as efetivas - essa \u00e9 a motiva\u00e7\u00e3o da nossa nova s\u00e9rie de conte\u00fado. Na estreia,...\" \/>\n<meta property=\"og:url\" content=\"https:\/\/sites.hostgrano.com.br\/designingsaude\/2021\/04\/01\/designing-answers-1-sincronia-e-redes-de-assistencia-em-saude-no-combate-a-covid-19\/\" \/>\n<meta property=\"og:site_name\" content=\"Designing Sa\u00fade\" \/>\n<meta property=\"article:publisher\" content=\"https:\/\/web.facebook.com\/designingsaude?_rdc=1&amp;amp%3bamp%3bamp%3bamp%3bamp%3bamp%3bamp%3bamp%3bamp%3b_rdr\" \/>\n<meta property=\"article:published_time\" content=\"2021-04-01T15:00:10+00:00\" \/>\n<meta property=\"article:modified_time\" content=\"2021-07-02T15:01:59+00:00\" \/>\n<meta property=\"og:image\" content=\"https:\/\/sites.hostgrano.com.br\/designingsaude\/wp-content\/uploads\/sites\/7\/2021\/04\/Captura-de-tela-2021-07-01-162114.png\" \/>\n\t<meta property=\"og:image:width\" content=\"1009\" \/>\n\t<meta property=\"og:image:height\" content=\"671\" \/>\n\t<meta property=\"og:image:type\" content=\"image\/png\" \/>\n<meta name=\"author\" content=\"grano\" \/>\n<meta name=\"twitter:card\" content=\"summary_large_image\" \/>\n<meta name=\"twitter:label1\" content=\"Escrito por\" \/>\n\t<meta name=\"twitter:data1\" content=\"grano\" \/>\n\t<meta name=\"twitter:label2\" content=\"Est. tempo de leitura\" \/>\n\t<meta name=\"twitter:data2\" content=\"8 minutos\" \/>\n<script type=\"application\/ld+json\" class=\"yoast-schema-graph\">{\"@context\":\"https:\/\/schema.org\",\"@graph\":[{\"@type\":\"Article\",\"@id\":\"https:\/\/sites.hostgrano.com.br\/designingsaude\/2021\/04\/01\/designing-answers-1-sincronia-e-redes-de-assistencia-em-saude-no-combate-a-covid-19\/#article\",\"isPartOf\":{\"@id\":\"https:\/\/sites.hostgrano.com.br\/designingsaude\/2021\/04\/01\/designing-answers-1-sincronia-e-redes-de-assistencia-em-saude-no-combate-a-covid-19\/\"},\"author\":{\"name\":\"grano\",\"@id\":\"https:\/\/sites.hostgrano.com.br\/designingsaude\/#\/schema\/person\/1b0b2aa6e74b46d489f20ede9800ff63\"},\"headline\":\"Designing Answers #1: sincronia e redes de assist\u00eancia em Sa\u00fade no combate \u00e0 Covid-19\",\"datePublished\":\"2021-04-01T15:00:10+00:00\",\"dateModified\":\"2021-07-02T15:01:59+00:00\",\"mainEntityOfPage\":{\"@id\":\"https:\/\/sites.hostgrano.com.br\/designingsaude\/2021\/04\/01\/designing-answers-1-sincronia-e-redes-de-assistencia-em-saude-no-combate-a-covid-19\/\"},\"wordCount\":1654,\"commentCount\":0,\"publisher\":{\"@id\":\"https:\/\/sites.hostgrano.com.br\/designingsaude\/#organization\"},\"articleSection\":[\"Modelos colaborativos\"],\"inLanguage\":\"pt-BR\",\"potentialAction\":[{\"@type\":\"CommentAction\",\"name\":\"Comment\",\"target\":[\"https:\/\/sites.hostgrano.com.br\/designingsaude\/2021\/04\/01\/designing-answers-1-sincronia-e-redes-de-assistencia-em-saude-no-combate-a-covid-19\/#respond\"]}]},{\"@type\":\"WebPage\",\"@id\":\"https:\/\/sites.hostgrano.com.br\/designingsaude\/2021\/04\/01\/designing-answers-1-sincronia-e-redes-de-assistencia-em-saude-no-combate-a-covid-19\/\",\"url\":\"https:\/\/sites.hostgrano.com.br\/designingsaude\/2021\/04\/01\/designing-answers-1-sincronia-e-redes-de-assistencia-em-saude-no-combate-a-covid-19\/\",\"name\":\"Designing Answers #1: sincronia e redes de assist\u00eancia em Sa\u00fade no combate \u00e0 Covid-19 - Designing Sa\u00fade\",\"isPartOf\":{\"@id\":\"https:\/\/sites.hostgrano.com.br\/designingsaude\/#website\"},\"datePublished\":\"2021-04-01T15:00:10+00:00\",\"dateModified\":\"2021-07-02T15:01:59+00:00\",\"breadcrumb\":{\"@id\":\"https:\/\/sites.hostgrano.com.br\/designingsaude\/2021\/04\/01\/designing-answers-1-sincronia-e-redes-de-assistencia-em-saude-no-combate-a-covid-19\/#breadcrumb\"},\"inLanguage\":\"pt-BR\",\"potentialAction\":[{\"@type\":\"ReadAction\",\"target\":[\"https:\/\/sites.hostgrano.com.br\/designingsaude\/2021\/04\/01\/designing-answers-1-sincronia-e-redes-de-assistencia-em-saude-no-combate-a-covid-19\/\"]}]},{\"@type\":\"BreadcrumbList\",\"@id\":\"https:\/\/sites.hostgrano.com.br\/designingsaude\/2021\/04\/01\/designing-answers-1-sincronia-e-redes-de-assistencia-em-saude-no-combate-a-covid-19\/#breadcrumb\",\"itemListElement\":[{\"@type\":\"ListItem\",\"position\":1,\"name\":\"In\u00edcio\",\"item\":\"https:\/\/sites.hostgrano.com.br\/designingsaude\/\"},{\"@type\":\"ListItem\",\"position\":2,\"name\":\"Designing Answers #1: sincronia e redes de assist\u00eancia em Sa\u00fade no combate \u00e0 Covid-19\"}]},{\"@type\":\"WebSite\",\"@id\":\"https:\/\/sites.hostgrano.com.br\/designingsaude\/#website\",\"url\":\"https:\/\/sites.hostgrano.com.br\/designingsaude\/\",\"name\":\"Designing Sa\u00fade\",\"description\":\"Solu\u00e7\u00f5es em consultoria e gest\u00e3o de Sa\u00fade\",\"publisher\":{\"@id\":\"https:\/\/sites.hostgrano.com.br\/designingsaude\/#organization\"},\"potentialAction\":[{\"@type\":\"SearchAction\",\"target\":{\"@type\":\"EntryPoint\",\"urlTemplate\":\"https:\/\/sites.hostgrano.com.br\/designingsaude\/?s={search_term_string}\"},\"query-input\":\"required name=search_term_string\"}],\"inLanguage\":\"pt-BR\"},{\"@type\":\"Organization\",\"@id\":\"https:\/\/sites.hostgrano.com.br\/designingsaude\/#organization\",\"name\":\"Designing Sa\u00fade\",\"url\":\"https:\/\/sites.hostgrano.com.br\/designingsaude\/\",\"logo\":{\"@type\":\"ImageObject\",\"inLanguage\":\"pt-BR\",\"@id\":\"https:\/\/sites.hostgrano.com.br\/designingsaude\/#\/schema\/logo\/image\/\",\"url\":\"https:\/\/sites.hostgrano.com.br\/designingsaude\/wp-content\/uploads\/sites\/7\/2021\/07\/logo.png\",\"contentUrl\":\"https:\/\/sites.hostgrano.com.br\/designingsaude\/wp-content\/uploads\/sites\/7\/2021\/07\/logo.png\",\"width\":396,\"height\":396,\"caption\":\"Designing Sa\u00fade\"},\"image\":{\"@id\":\"https:\/\/sites.hostgrano.com.br\/designingsaude\/#\/schema\/logo\/image\/\"},\"sameAs\":[\"https:\/\/web.facebook.com\/designingsaude?_rdc=1&amp;amp;amp;amp;amp;amp;amp;amp;amp;_rdr\",\"https:\/\/www.instagram.com\/designingsaude\/\",\"https:\/\/www.linkedin.com\/company\/designingsaude\/\",\"https:\/\/www.youtube.com\/channel\/UCkEWTeBDxcT22zzhv_l2YPg\"]},{\"@type\":\"Person\",\"@id\":\"https:\/\/sites.hostgrano.com.br\/designingsaude\/#\/schema\/person\/1b0b2aa6e74b46d489f20ede9800ff63\",\"name\":\"grano\",\"image\":{\"@type\":\"ImageObject\",\"inLanguage\":\"pt-BR\",\"@id\":\"https:\/\/sites.hostgrano.com.br\/designingsaude\/#\/schema\/person\/image\/\",\"url\":\"https:\/\/secure.gravatar.com\/avatar\/db7856a0dd3c77501de9fa1d70d1b58d?s=96&d=mm&r=g\",\"contentUrl\":\"https:\/\/secure.gravatar.com\/avatar\/db7856a0dd3c77501de9fa1d70d1b58d?s=96&d=mm&r=g\",\"caption\":\"grano\"},\"url\":\"https:\/\/sites.hostgrano.com.br\/designingsaude\/author\/grano\/\"}]}<\/script>\n<!-- \/ Yoast SEO plugin. -->","yoast_head_json":{"title":"Designing Answers #1: sincronia e redes de assist\u00eancia em Sa\u00fade no combate \u00e0 Covid-19 - Designing Sa\u00fade","robots":{"index":"index","follow":"follow","max-snippet":"max-snippet:-1","max-image-preview":"max-image-preview:large","max-video-preview":"max-video-preview:-1"},"canonical":"https:\/\/sites.hostgrano.com.br\/designingsaude\/2021\/04\/01\/designing-answers-1-sincronia-e-redes-de-assistencia-em-saude-no-combate-a-covid-19\/","og_locale":"pt_BR","og_type":"article","og_title":"Designing Answers #1: sincronia e redes de assist\u00eancia em Sa\u00fade no combate \u00e0 Covid-19 - Designing Sa\u00fade","og_description":"A Sa\u00fade precisa sair do plano te\u00f3rico e criar mudan\u00e7as efetivas - essa \u00e9 a motiva\u00e7\u00e3o da nossa nova s\u00e9rie de conte\u00fado. Na estreia,...","og_url":"https:\/\/sites.hostgrano.com.br\/designingsaude\/2021\/04\/01\/designing-answers-1-sincronia-e-redes-de-assistencia-em-saude-no-combate-a-covid-19\/","og_site_name":"Designing Sa\u00fade","article_publisher":"https:\/\/web.facebook.com\/designingsaude?_rdc=1&amp%3bamp%3bamp%3bamp%3bamp%3bamp%3bamp%3bamp%3bamp%3b_rdr","article_published_time":"2021-04-01T15:00:10+00:00","article_modified_time":"2021-07-02T15:01:59+00:00","og_image":[{"width":1009,"height":671,"url":"https:\/\/sites.hostgrano.com.br\/designingsaude\/wp-content\/uploads\/sites\/7\/2021\/04\/Captura-de-tela-2021-07-01-162114.png","type":"image\/png"}],"author":"grano","twitter_card":"summary_large_image","twitter_misc":{"Escrito por":"grano","Est. tempo de leitura":"8 minutos"},"schema":{"@context":"https:\/\/schema.org","@graph":[{"@type":"Article","@id":"https:\/\/sites.hostgrano.com.br\/designingsaude\/2021\/04\/01\/designing-answers-1-sincronia-e-redes-de-assistencia-em-saude-no-combate-a-covid-19\/#article","isPartOf":{"@id":"https:\/\/sites.hostgrano.com.br\/designingsaude\/2021\/04\/01\/designing-answers-1-sincronia-e-redes-de-assistencia-em-saude-no-combate-a-covid-19\/"},"author":{"name":"grano","@id":"https:\/\/sites.hostgrano.com.br\/designingsaude\/#\/schema\/person\/1b0b2aa6e74b46d489f20ede9800ff63"},"headline":"Designing Answers #1: sincronia e redes de assist\u00eancia em Sa\u00fade no combate \u00e0 Covid-19","datePublished":"2021-04-01T15:00:10+00:00","dateModified":"2021-07-02T15:01:59+00:00","mainEntityOfPage":{"@id":"https:\/\/sites.hostgrano.com.br\/designingsaude\/2021\/04\/01\/designing-answers-1-sincronia-e-redes-de-assistencia-em-saude-no-combate-a-covid-19\/"},"wordCount":1654,"commentCount":0,"publisher":{"@id":"https:\/\/sites.hostgrano.com.br\/designingsaude\/#organization"},"articleSection":["Modelos colaborativos"],"inLanguage":"pt-BR","potentialAction":[{"@type":"CommentAction","name":"Comment","target":["https:\/\/sites.hostgrano.com.br\/designingsaude\/2021\/04\/01\/designing-answers-1-sincronia-e-redes-de-assistencia-em-saude-no-combate-a-covid-19\/#respond"]}]},{"@type":"WebPage","@id":"https:\/\/sites.hostgrano.com.br\/designingsaude\/2021\/04\/01\/designing-answers-1-sincronia-e-redes-de-assistencia-em-saude-no-combate-a-covid-19\/","url":"https:\/\/sites.hostgrano.com.br\/designingsaude\/2021\/04\/01\/designing-answers-1-sincronia-e-redes-de-assistencia-em-saude-no-combate-a-covid-19\/","name":"Designing Answers #1: sincronia e redes de assist\u00eancia em Sa\u00fade no combate \u00e0 Covid-19 - Designing Sa\u00fade","isPartOf":{"@id":"https:\/\/sites.hostgrano.com.br\/designingsaude\/#website"},"datePublished":"2021-04-01T15:00:10+00:00","dateModified":"2021-07-02T15:01:59+00:00","breadcrumb":{"@id":"https:\/\/sites.hostgrano.com.br\/designingsaude\/2021\/04\/01\/designing-answers-1-sincronia-e-redes-de-assistencia-em-saude-no-combate-a-covid-19\/#breadcrumb"},"inLanguage":"pt-BR","potentialAction":[{"@type":"ReadAction","target":["https:\/\/sites.hostgrano.com.br\/designingsaude\/2021\/04\/01\/designing-answers-1-sincronia-e-redes-de-assistencia-em-saude-no-combate-a-covid-19\/"]}]},{"@type":"BreadcrumbList","@id":"https:\/\/sites.hostgrano.com.br\/designingsaude\/2021\/04\/01\/designing-answers-1-sincronia-e-redes-de-assistencia-em-saude-no-combate-a-covid-19\/#breadcrumb","itemListElement":[{"@type":"ListItem","position":1,"name":"In\u00edcio","item":"https:\/\/sites.hostgrano.com.br\/designingsaude\/"},{"@type":"ListItem","position":2,"name":"Designing Answers #1: sincronia e redes de assist\u00eancia em Sa\u00fade no combate \u00e0 Covid-19"}]},{"@type":"WebSite","@id":"https:\/\/sites.hostgrano.com.br\/designingsaude\/#website","url":"https:\/\/sites.hostgrano.com.br\/designingsaude\/","name":"Designing Sa\u00fade","description":"Solu\u00e7\u00f5es em consultoria e gest\u00e3o de Sa\u00fade","publisher":{"@id":"https:\/\/sites.hostgrano.com.br\/designingsaude\/#organization"},"potentialAction":[{"@type":"SearchAction","target":{"@type":"EntryPoint","urlTemplate":"https:\/\/sites.hostgrano.com.br\/designingsaude\/?s={search_term_string}"},"query-input":"required name=search_term_string"}],"inLanguage":"pt-BR"},{"@type":"Organization","@id":"https:\/\/sites.hostgrano.com.br\/designingsaude\/#organization","name":"Designing Sa\u00fade","url":"https:\/\/sites.hostgrano.com.br\/designingsaude\/","logo":{"@type":"ImageObject","inLanguage":"pt-BR","@id":"https:\/\/sites.hostgrano.com.br\/designingsaude\/#\/schema\/logo\/image\/","url":"https:\/\/sites.hostgrano.com.br\/designingsaude\/wp-content\/uploads\/sites\/7\/2021\/07\/logo.png","contentUrl":"https:\/\/sites.hostgrano.com.br\/designingsaude\/wp-content\/uploads\/sites\/7\/2021\/07\/logo.png","width":396,"height":396,"caption":"Designing Sa\u00fade"},"image":{"@id":"https:\/\/sites.hostgrano.com.br\/designingsaude\/#\/schema\/logo\/image\/"},"sameAs":["https:\/\/web.facebook.com\/designingsaude?_rdc=1&amp;amp;amp;amp;amp;amp;amp;amp;amp;_rdr","https:\/\/www.instagram.com\/designingsaude\/","https:\/\/www.linkedin.com\/company\/designingsaude\/","https:\/\/www.youtube.com\/channel\/UCkEWTeBDxcT22zzhv_l2YPg"]},{"@type":"Person","@id":"https:\/\/sites.hostgrano.com.br\/designingsaude\/#\/schema\/person\/1b0b2aa6e74b46d489f20ede9800ff63","name":"grano","image":{"@type":"ImageObject","inLanguage":"pt-BR","@id":"https:\/\/sites.hostgrano.com.br\/designingsaude\/#\/schema\/person\/image\/","url":"https:\/\/secure.gravatar.com\/avatar\/db7856a0dd3c77501de9fa1d70d1b58d?s=96&d=mm&r=g","contentUrl":"https:\/\/secure.gravatar.com\/avatar\/db7856a0dd3c77501de9fa1d70d1b58d?s=96&d=mm&r=g","caption":"grano"},"url":"https:\/\/sites.hostgrano.com.br\/designingsaude\/author\/grano\/"}]}},"yoast_title":"Designing Answers #1: sincronia e redes de assist\u00eancia em Sa\u00fade no combate \u00e0 Covid-19 - Designing Sa\u00fade","yoast_meta":[{"name":"robots","content":"index, follow, max-snippet:-1, max-image-preview:large, max-video-preview:-1"},{"property":"og:locale","content":"pt_BR"},{"property":"og:type","content":"article"},{"property":"og:title","content":"Designing Answers #1: sincronia e redes de assist\u00eancia em Sa\u00fade no combate \u00e0 Covid-19 - Designing Sa\u00fade"},{"property":"og:description","content":"A Sa\u00fade precisa sair do plano te\u00f3rico e criar mudan\u00e7as efetivas - essa \u00e9 a motiva\u00e7\u00e3o da nossa nova s\u00e9rie de conte\u00fado. Na estreia,..."},{"property":"og:url","content":"https:\/\/sites.hostgrano.com.br\/designingsaude\/2021\/04\/01\/designing-answers-1-sincronia-e-redes-de-assistencia-em-saude-no-combate-a-covid-19\/"},{"property":"og:site_name","content":"Designing Sa\u00fade"},{"property":"article:publisher","content":"https:\/\/web.facebook.com\/designingsaude?_rdc=1&amp;amp%3bamp%3bamp%3bamp%3bamp%3bamp%3bamp%3bamp%3bamp%3b_rdr"},{"property":"article:published_time","content":"2021-04-01T15:00:10+00:00"},{"property":"article:modified_time","content":"2021-07-02T15:01:59+00:00"},{"property":"og:image","content":"https:\/\/sites.hostgrano.com.br\/designingsaude\/wp-content\/uploads\/sites\/7\/2021\/04\/Captura-de-tela-2021-07-01-162114.png"},{"property":"og:image:width","content":"1009"},{"property":"og:image:height","content":"671"},{"property":"og:image:type","content":"image\/png"},{"name":"author","content":"grano"},{"name":"twitter:card","content":"summary_large_image"},{"name":"twitter:label1","content":"Escrito por"},{"name":"twitter:data1","content":"grano"},{"name":"twitter:label2","content":"Est. tempo de leitura"},{"name":"twitter:data2","content":"8 minutos"},{"name":"robots","content":"index, follow, max-image-preview:large, max-snippet:-1, max-video-preview:-1"}],"yoast_json_ld":[{"@context":"https:\/\/schema.org","@graph":[{"@type":"Article","@id":"https:\/\/sites.hostgrano.com.br\/designingsaude\/2021\/04\/01\/designing-answers-1-sincronia-e-redes-de-assistencia-em-saude-no-combate-a-covid-19\/#article","isPartOf":{"@id":"https:\/\/sites.hostgrano.com.br\/designingsaude\/2021\/04\/01\/designing-answers-1-sincronia-e-redes-de-assistencia-em-saude-no-combate-a-covid-19\/"},"author":{"name":"grano","@id":"https:\/\/sites.hostgrano.com.br\/designingsaude\/#\/schema\/person\/1b0b2aa6e74b46d489f20ede9800ff63"},"headline":"Designing Answers #1: sincronia e redes de assist&ecirc;ncia em Sa&uacute;de no combate &agrave; Covid-19","datePublished":"2021-04-01T15:00:10+00:00","dateModified":"2021-07-02T15:01:59+00:00","mainEntityOfPage":{"@id":"https:\/\/sites.hostgrano.com.br\/designingsaude\/2021\/04\/01\/designing-answers-1-sincronia-e-redes-de-assistencia-em-saude-no-combate-a-covid-19\/"},"wordCount":1654,"commentCount":0,"publisher":{"@id":"https:\/\/sites.hostgrano.com.br\/designingsaude\/#organization"},"articleSection":["Modelos colaborativos"],"inLanguage":"pt-BR","potentialAction":[{"@type":"CommentAction","name":"Comment","target":["https:\/\/sites.hostgrano.com.br\/designingsaude\/2021\/04\/01\/designing-answers-1-sincronia-e-redes-de-assistencia-em-saude-no-combate-a-covid-19\/#respond"]}]},{"@type":"WebPage","@id":"https:\/\/sites.hostgrano.com.br\/designingsaude\/2021\/04\/01\/designing-answers-1-sincronia-e-redes-de-assistencia-em-saude-no-combate-a-covid-19\/","url":"https:\/\/sites.hostgrano.com.br\/designingsaude\/2021\/04\/01\/designing-answers-1-sincronia-e-redes-de-assistencia-em-saude-no-combate-a-covid-19\/","name":"Designing Answers #1: sincronia e redes de assist&ecirc;ncia em Sa&uacute;de no combate &agrave; Covid-19 - Designing Sa&uacute;de","isPartOf":{"@id":"https:\/\/sites.hostgrano.com.br\/designingsaude\/#website"},"datePublished":"2021-04-01T15:00:10+00:00","dateModified":"2021-07-02T15:01:59+00:00","breadcrumb":{"@id":"https:\/\/sites.hostgrano.com.br\/designingsaude\/2021\/04\/01\/designing-answers-1-sincronia-e-redes-de-assistencia-em-saude-no-combate-a-covid-19\/#breadcrumb"},"inLanguage":"pt-BR","potentialAction":[{"@type":"ReadAction","target":["https:\/\/sites.hostgrano.com.br\/designingsaude\/2021\/04\/01\/designing-answers-1-sincronia-e-redes-de-assistencia-em-saude-no-combate-a-covid-19\/"]}]},{"@type":"BreadcrumbList","@id":"https:\/\/sites.hostgrano.com.br\/designingsaude\/2021\/04\/01\/designing-answers-1-sincronia-e-redes-de-assistencia-em-saude-no-combate-a-covid-19\/#breadcrumb","itemListElement":[{"@type":"ListItem","position":1,"name":"In&iacute;cio","item":"https:\/\/sites.hostgrano.com.br\/designingsaude\/"},{"@type":"ListItem","position":2,"name":"Designing Answers #1: sincronia e redes de assist&ecirc;ncia em Sa&uacute;de no combate &agrave; Covid-19"}]},{"@type":"WebSite","@id":"https:\/\/sites.hostgrano.com.br\/designingsaude\/#website","url":"https:\/\/sites.hostgrano.com.br\/designingsaude\/","name":"Designing Sa&uacute;de","description":"Solu&ccedil;&otilde;es em consultoria e gest&atilde;o de Sa&uacute;de","publisher":{"@id":"https:\/\/sites.hostgrano.com.br\/designingsaude\/#organization"},"potentialAction":[{"@type":"SearchAction","target":{"@type":"EntryPoint","urlTemplate":"https:\/\/sites.hostgrano.com.br\/designingsaude\/?s={search_term_string}"},"query-input":"required name=search_term_string"}],"inLanguage":"pt-BR"},{"@type":"Organization","@id":"https:\/\/sites.hostgrano.com.br\/designingsaude\/#organization","name":"Designing Sa&uacute;de","url":"https:\/\/sites.hostgrano.com.br\/designingsaude\/","logo":{"@type":"ImageObject","inLanguage":"pt-BR","@id":"https:\/\/sites.hostgrano.com.br\/designingsaude\/#\/schema\/logo\/image\/","url":"https:\/\/sites.hostgrano.com.br\/designingsaude\/wp-content\/uploads\/sites\/7\/2021\/07\/logo.png","contentUrl":"https:\/\/sites.hostgrano.com.br\/designingsaude\/wp-content\/uploads\/sites\/7\/2021\/07\/logo.png","width":396,"height":396,"caption":"Designing Sa&uacute;de"},"image":{"@id":"https:\/\/sites.hostgrano.com.br\/designingsaude\/#\/schema\/logo\/image\/"},"sameAs":["https:\/\/web.facebook.com\/designingsaude?_rdc=1&amp;amp;amp;amp;amp;amp;amp;amp;amp;_rdr","https:\/\/www.instagram.com\/designingsaude\/","https:\/\/www.linkedin.com\/company\/designingsaude\/","https:\/\/www.youtube.com\/channel\/UCkEWTeBDxcT22zzhv_l2YPg"]},{"@type":"Person","@id":"https:\/\/sites.hostgrano.com.br\/designingsaude\/#\/schema\/person\/1b0b2aa6e74b46d489f20ede9800ff63","name":"grano","image":{"@type":"ImageObject","inLanguage":"pt-BR","@id":"https:\/\/sites.hostgrano.com.br\/designingsaude\/#\/schema\/person\/image\/","url":"https:\/\/secure.gravatar.com\/avatar\/db7856a0dd3c77501de9fa1d70d1b58d?s=96&d=mm&r=g","contentUrl":"https:\/\/secure.gravatar.com\/avatar\/db7856a0dd3c77501de9fa1d70d1b58d?s=96&d=mm&r=g","caption":"grano"},"url":"https:\/\/sites.hostgrano.com.br\/designingsaude\/author\/grano\/"}]}],"_links":{"self":[{"href":"https:\/\/sites.hostgrano.com.br\/designingsaude\/wp-json\/wp\/v2\/posts\/34"}],"collection":[{"href":"https:\/\/sites.hostgrano.com.br\/designingsaude\/wp-json\/wp\/v2\/posts"}],"about":[{"href":"https:\/\/sites.hostgrano.com.br\/designingsaude\/wp-json\/wp\/v2\/types\/post"}],"author":[{"embeddable":true,"href":"https:\/\/sites.hostgrano.com.br\/designingsaude\/wp-json\/wp\/v2\/users\/1024"}],"replies":[{"embeddable":true,"href":"https:\/\/sites.hostgrano.com.br\/designingsaude\/wp-json\/wp\/v2\/comments?post=34"}],"version-history":[{"count":1,"href":"https:\/\/sites.hostgrano.com.br\/designingsaude\/wp-json\/wp\/v2\/posts\/34\/revisions"}],"predecessor-version":[{"id":62,"href":"https:\/\/sites.hostgrano.com.br\/designingsaude\/wp-json\/wp\/v2\/posts\/34\/revisions\/62"}],"wp:featuredmedia":[{"embeddable":true,"href":"https:\/\/sites.hostgrano.com.br\/designingsaude\/wp-json\/wp\/v2\/media\/94"}],"wp:attachment":[{"href":"https:\/\/sites.hostgrano.com.br\/designingsaude\/wp-json\/wp\/v2\/media?parent=34"}],"wp:term":[{"taxonomy":"category","embeddable":true,"href":"https:\/\/sites.hostgrano.com.br\/designingsaude\/wp-json\/wp\/v2\/categories?post=34"},{"taxonomy":"post_tag","embeddable":true,"href":"https:\/\/sites.hostgrano.com.br\/designingsaude\/wp-json\/wp\/v2\/tags?post=34"}],"curies":[{"name":"wp","href":"https:\/\/api.w.org\/{rel}","templated":true}]}}