{"id":124,"date":"2021-08-13T12:02:07","date_gmt":"2021-08-13T15:02:07","guid":{"rendered":"https:\/\/sites.hostgrano.com.br\/designingsaude\/?p=124"},"modified":"2021-08-13T12:02:07","modified_gmt":"2021-08-13T15:02:07","slug":"ecossistemas-de-integracao-como-a-saude-se-prepara-para-incorporar-a-inovacao","status":"publish","type":"post","link":"https:\/\/sites.hostgrano.com.br\/designingsaude\/2021\/08\/13\/ecossistemas-de-integracao-como-a-saude-se-prepara-para-incorporar-a-inovacao\/","title":{"rendered":"Ecossistemas de integra\u00e7\u00e3o: como a Sa\u00fade se prepara para incorporar a inova\u00e7\u00e3o\u00a0"},"content":{"rendered":"<p><i><span style=\"font-weight: 400\">Para Fabr\u00edcio Campolina, da Johnson &amp; Johnson, healthtechs s\u00e3o a pr\u00f3xima onda, mas a transforma\u00e7\u00e3o digital vai muito al\u00e9m delas<\/span><\/i><\/p>\n<p><b>Marcelo Freire, jornalista da ag\u00eancia essense<\/b><\/p>\n<p><span style=\"font-weight: 400\">Em pouco mais de um ano, a conversa sobre tecnologia e inova\u00e7\u00e3o na Sa\u00fade mudou. Muito do que era previsto para ser incorporado de forma gradual ao longo dos pr\u00f3ximos anos foi utilizado como recurso para<\/span><b> resolver todos os desafios exigidos pela pandemia da Covid-19<\/b><span style=\"font-weight: 400\">. Agora, o mercado v\u00ea uma <\/span><b>onda de heathtechs<\/b><span style=\"font-weight: 400\"> chegando com todos os tipos de inova\u00e7\u00e3o, tanto focadas na <\/span><b>tecnologia<\/b><span style=\"font-weight: 400\"> quanto em<\/span><b> novos modelos de neg\u00f3cio<\/b><span style=\"font-weight: 400\">. E as not\u00edcias sobre essas startups recebendo investimentos pesados s\u00e3o cada vez mais frequentes.<\/span><\/p>\n<p><span style=\"font-weight: 400\">Fabr\u00edcio Campolina est\u00e1 bem por dentro. Ele comanda a \u00e1rea de healthcare transformation na Johnson &amp; Johnson Latam e lida diretamente com as movimenta\u00e7\u00f5es desses novos players. &#8220;H\u00e1 uma perspectiva de que o<\/span><b> ecossistema das healthtechs vai passar por uma era de ouro<\/b><span style=\"font-weight: 400\">, como foi para as fintechs na d\u00e9cada passada. \u00c9 a pr\u00f3xima onda, que vai nos ajudar na transforma\u00e7\u00e3o que precisamos&#8221;, garante.<\/span><\/p>\n<p><span style=\"font-weight: 400\">Segundo ele, os investidores est\u00e3o abra\u00e7ando essas novas empresas porque elas t\u00eam o <\/span><b>potencial de causar um impacto imenso na sociedade<\/b><span style=\"font-weight: 400\">. Ao mesmo tempo, as grandes corpora\u00e7\u00f5es tamb\u00e9m podem se beneficiar com a integra\u00e7\u00e3o de suas \u00e1reas de inova\u00e7\u00e3o aberta \u2013 outra novidade que est\u00e1 em crescimento no setor \u2013 a esses novos ecossistemas.<\/span><\/p>\n<p><span style=\"font-weight: 400\">&#8220;Os empreendedores abrem empresas para mudar o cen\u00e1rio do Pa\u00eds e investem em healthtechs para acelerar o crescimento. As grandes corpora\u00e7\u00f5es, do seu lado, se integram a essas healthtechs, que colocam seus produtos a servi\u00e7o de mais clientes utilizando a estrutura das multinacionais. \u00c9 um ciclo que se <\/span><b>retroalimenta<\/b><span style=\"font-weight: 400\">, e quem sai ganhando \u00e9 o paciente.&#8221;<\/span><\/p>\n<p><span style=\"font-weight: 400\">Por tr\u00e1s desse contexto otimista, no entanto, est\u00e3o detalhes que precisam ser ajustados at\u00e9 que esse ciclo se retroalimente.\u00a0<\/span><\/p>\n<p><b>Rotas menos tortuosas<\/b><\/p>\n<p><span style=\"font-weight: 400\">Quando come\u00e7ou a trabalhar no setor de Sa\u00fade, em meados dos anos 2000, Fabr\u00edcio encontrou um ambiente hostil em rela\u00e7\u00e3o \u00e0s novas tecnologias. &#8220;A inova\u00e7\u00e3o era vista pelo sistema de Sa\u00fade como um agressor de custos, que n\u00e3o gerava valor para o paciente&#8221;, diz. Com a experi\u00eancia de algu\u00e9m que saiu de empresas ligadas \u00e0 tecnologia para se aventurar no mundo da Sa\u00fade, ele conta que sempre teve uma vis\u00e3o diferente.\u00a0<\/span><\/p>\n<p><span style=\"font-weight: 400\">Hoje, o di\u00e1logo \u00e9 mais f\u00e1cil. Fabr\u00edcio percebe uma porta aberta para divulgar a tecnologia como principal solucionador em <\/span><b>dois problemas da Sa\u00fade<\/b><span style=\"font-weight: 400\">: a melhora no padr\u00e3o de cuidado e no acesso dos pacientes e a contribui\u00e7\u00e3o para um sistema mais sustent\u00e1vel no longo prazo.<\/span><\/p>\n<p><span style=\"font-weight: 400\">&#8220;Da forma como est\u00e1 organizado, o sistema de Sa\u00fade gera desperd\u00edcios de 20% a 30%. A tecnologia resolve uma das nossas grandes dores, que \u00e9 a <\/span><b>fragmenta\u00e7\u00e3o das informa\u00e7\u00f5es<\/b><span style=\"font-weight: 400\">. S\u00f3 a tecnologia vai permitir integrar dados do sistema e gerar uma vis\u00e3o mais hol\u00edstica sobre a Sa\u00fade. Assim, ela vai nos ajudar a endere\u00e7ar boa parte desses desperd\u00edcios&#8221;, prev\u00ea.<\/span><\/p>\n<p><span style=\"font-weight: 400\">Ele aposta em <\/span><b>alguns pilares fundamentais para essa transforma\u00e7\u00e3o<\/b><span style=\"font-weight: 400\">: ci\u00eancia de dados, intelig\u00eancia artificial, integra\u00e7\u00e3o dos processos de sa\u00fade e massifica\u00e7\u00e3o dos cuidados de aten\u00e7\u00e3o prim\u00e1ria.\u00a0<\/span><\/p>\n<p><b>Superando os desafios da regula\u00e7\u00e3o\u00a0<\/b><\/p>\n<p><span style=\"font-weight: 400\">Para Martha Oliveira, diretora executiva da Designing Sa\u00fade, a<\/span><b> transforma\u00e7\u00e3o digital<\/b><span style=\"font-weight: 400\"> \u00e9 uma realidade que vai pegar inclusive as institui\u00e7\u00f5es mais conservadoras e alterar o status quo do setor, utilizando recursos j\u00e1 comuns no exterior e que come\u00e7am a chegar ao Brasil.\u00a0<\/span><\/p>\n<p><span style=\"font-weight: 400\">Nesse contexto, h\u00e1 os <\/span><b>desafios regulat\u00f3rios <\/b><span style=\"font-weight: 400\">que, Martha refor\u00e7a, est\u00e3o ligados a regras definidas h\u00e1 mais de 20 anos por \u00f3rg\u00e3os como a Ag\u00eancia Nacional de Vigil\u00e2ncia Sanit\u00e1ria (Anvisa) e a Ag\u00eancia Nacional de Sa\u00fade Suplementar (ANS). &#8220;S\u00e3o regula\u00e7\u00f5es feitas num momento em que n\u00e3o era poss\u00edvel imaginar a realidade de hoje. S\u00f3 isso j\u00e1 mostra a necessidade de revisarmos os marcos legais e entender a atualidade.&#8221;<\/span><\/p>\n<p><span style=\"font-weight: 400\">Ela e Fabr\u00edcio ressaltam que, apesar dos obst\u00e1culos, tanto a Anvisa quanto a ANS t\u00eam feito um trabalho importante na tentativa de<\/span><b> incorporar solu\u00e7\u00f5es inovadoras <\/b><span style=\"font-weight: 400\">na Sa\u00fade. &#8220;A Anvisa garante a prote\u00e7\u00e3o sanit\u00e1ria da popula\u00e7\u00e3o&#8221;, reconhece Fabr\u00edcio. &#8220;A ag\u00eancia tem processos robustos e evoluiu bastante nos \u00faltimos anos em rela\u00e7\u00e3o \u00e0 velocidade de an\u00e1lise.&#8221;<\/span><\/p>\n<p><span style=\"font-weight: 400\">Ele recorda, tamb\u00e9m, que as organiza\u00e7\u00f5es da Sa\u00fade <\/span><b>podem incorporar inova\u00e7\u00f5es sem que precisem aguardar por um aval das ag\u00eancias<\/b><span style=\"font-weight: 400\">. &#8220;Todos podem inovar em seus processos, na maneira com que os agentes trocam informa\u00e7\u00f5es entre si. Esse tipo de inova\u00e7\u00e3o \u00e9 muito mais \u00e1gil e pode gerar mais valor. Ela \u00e9 a nossa grande oportunidade no momento&#8221;, refor\u00e7a.\u00a0<\/span><\/p>\n<p><span style=\"font-weight: 400\">Mas ele lembra que esses novos processos tamb\u00e9m precisam ser acompanhados de um incremento em quest\u00f5es como <\/span><b>privacidade e ciberseguran\u00e7a<\/b><span style=\"font-weight: 400\">. &#8220;Precisamos saber, com clareza, os requerimentos m\u00ednimos para que as corpora\u00e7\u00f5es protejam os dados e servi\u00e7os prestados.&#8221;\u00a0<\/span><\/p>\n<p><b>Integra\u00e7\u00e3o em rede<\/b><\/p>\n<p><span style=\"font-weight: 400\">Apesar de a palavra &#8220;inova\u00e7\u00e3o&#8221; remeter quase que naturalmente \u00e0 tecnologia, a discuss\u00e3o sobre transforma\u00e7\u00e3o nas organiza\u00e7\u00f5es \u00e9 muito mais ampla. Para uma mudan\u00e7a mais efetiva, \u00e9 preciso debater, tamb\u00e9m, temas t\u00e3o inovadores quanto as solu\u00e7\u00f5es high tech que chegam ao mercado todos os dias.\u00a0<\/span><\/p>\n<p><span style=\"font-weight: 400\">Fabr\u00edcio, da sua parte, refor\u00e7a o discurso de muitos gestores da Sa\u00fade que olham para o futuro e pensam sobre a necessidade de transformar o modelo de remunera\u00e7\u00e3o para efetivamente entregar valor para o paciente. &#8220;Esse mundo antigo do fee-for-service vai ficar para tr\u00e1s. Vamos evoluir para um cuidado de sa\u00fade que remunera o valor gerado, e n\u00e3o a quantidade de servi\u00e7os prestados. O ecossistema integrado, focado no paciente, \u00e9 constru\u00eddo a partir da <\/span><b>jun\u00e7\u00e3o da transforma\u00e7\u00e3o digital com o cuidado de sa\u00fade baseado em valor<\/b><span style=\"font-weight: 400\">&#8220;, aponta. &#8220;E ele vai nos ajudar a melhorar o cen\u00e1rio da Sa\u00fade no Brasil.&#8221;<\/span><\/p>\n<p><span style=\"font-weight: 400\">A <\/span><b>dissemina\u00e7\u00e3o desses ecossistemas integrados<\/b><span style=\"font-weight: 400\">, ele ressalta, \u00e9 um reflexo de que o mercado absorveu uma mentalidade menos competitiva e que prev\u00ea maior colabora\u00e7\u00e3o entre as pr\u00f3prias empresas.\u00a0<\/span><\/p>\n<p><span style=\"font-weight: 400\">Martha Oliveira concorda e complementa: &#8220;H\u00e1 um pr\u00f3ximo passo para esse ecossistema de inova\u00e7\u00e3o, que \u00e9 as <\/span><b>empresas se observarem como uma rede.<\/b><span style=\"font-weight: 400\"> J\u00e1 existem muitas iniciativas de inova\u00e7\u00e3o no Brasil, mas elas ainda n\u00e3o pensam de uma forma realmente colaborativa, de maneira com que uma complemente a outra. No futuro, haver\u00e1 mais foco na forma\u00e7\u00e3o de redes de apoio integradas.&#8221;<\/span><\/p>\n<p><b>Novos paradigmas<\/b><\/p>\n<p><span style=\"font-weight: 400\">Nos pr\u00f3ximos anos, as empresas podem aproveitar tanto esse <\/span><b>ambiente mais colaborativo e integrado<\/b><span style=\"font-weight: 400\"> quanto as<\/span><b> inova\u00e7\u00f5es <\/b><b><i>high tech<\/i><\/b><span style=\"font-weight: 400\"> que chegam para aprimorar a assist\u00eancia. Intelig\u00eancia artificial, IoT (Internet das Coisas) e a chamada &#8220;internet do comportamento&#8221; s\u00e3o algumas das ferramentas que est\u00e3o nessa lista.<\/span><\/p>\n<p><span style=\"font-weight: 400\">Daqui a alguns anos, os dispositivos que monitoram diariamente os passos das pessoas poder\u00e3o criar mecanismos que contribuam para o diagn\u00f3stico precoce de doen\u00e7as e encorajem as pessoas a mudar eventuais comportamentos de risco. &#8220;A tecnologia e a ci\u00eancia de dados atuar\u00e3o nesse ponto&#8221;, diz Fabr\u00edcio. &#8220;No melhor dos cen\u00e1rios, o paciente nem desenvolve a doen\u00e7a. Mas, caso ele desenvolva, a tecnologia de monitoramento remoto o impulsionar\u00e1 a buscar ajuda logo nos est\u00e1gios iniciais&#8221;, prev\u00ea.<\/span><\/p>\n<p><span style=\"font-weight: 400\">Para Martha, essas mudan\u00e7as representam uma quebra de paradigmas na Sa\u00fade. &#8220;Predizer as chances de uma pessoa desenvolver uma doen\u00e7a \u00e9 uma outra forma de fazer medicina, que a gente ainda n\u00e3o consegue medir.&#8221;<\/span><\/p>\n<p><span style=\"font-weight: 400\">Independentemente do formato, a<\/span><b> tecnologia \u00e9 o centro desse novo mundo de transforma\u00e7\u00e3o das organiza\u00e7\u00f5es<\/b><span style=\"font-weight: 400\"> que, na ponta da linha, fornecer\u00e1 aos usu\u00e1rios uma melhor assist\u00eancia. &#8220;\u00c9 a tecnologia que dar\u00e1 a escala necess\u00e1ria para que n\u00f3s possamos evoluir de uma <\/span><b>remunera\u00e7\u00e3o baseada em volume<\/b><span style=\"font-weight: 400\"> para uma <\/span><b>baseada em valor<\/b><span style=\"font-weight: 400\">. \u00c9 ela que poder\u00e1 integrar os dados e nos permitir que a gente se organize de forma colaborativa, atrav\u00e9s de ecossistemas abertos. E, por fim, \u00e9 a tecnologia que vai possibilitar que se coloque o paciente no centro e fa\u00e7a com que ele <\/span><b>se engaje no cuidado da sua pr\u00f3pria sa\u00fade<\/b><span style=\"font-weight: 400\">&#8220;, conclui a diretora executiva da Desinging Sa\u00fade.<\/span><\/p>\n<p><span style=\"font-weight: 400\">Para Fabr\u00edcio, a inova\u00e7\u00e3o e a tecnologia s\u00e3o as bases que possibilitam as mudan\u00e7as rumo a um sistema de sa\u00fade mais sustent\u00e1vel, com o cuidado baseado em valor. &#8220;Abracemos esse novo mundo, essa nova forma de fazer neg\u00f3cio, para que a gente<\/span><b> evolua para uma sociedade focada na colabora\u00e7\u00e3o, na acelera\u00e7\u00e3o e na cria\u00e7\u00e3o de valor para o paciente.<\/b><span style=\"font-weight: 400\">&#8220;<\/span><\/p>\n<p><b>Leia tamb\u00e9m:<\/b><\/p>\n<p><a href=\"https:\/\/www.designingsaude.com\/post\/os-caminhos-da-operadora-de-saude-tradicional-durante-e-no-pos-pandemia\"><span style=\"font-weight: 400\">Os caminhos da operadora de Sa\u00fade tradicional durante e no p\u00f3s-pandemia<\/span><\/a><\/p>\n<p><a href=\"https:\/\/www.designingsaude.com\/post\/a-resposta-dos-novos-modelos-para-os-velhos-problemas-da-saude\"><span style=\"font-weight: 400\">A resposta dos novos modelos para os velhos problemas da Sa\u00fade<\/span><\/a><\/p>\n","protected":false},"excerpt":{"rendered":"<p>Para Fabr\u00edcio Campolina, da Johnson &amp; Johnson, healthtechs s\u00e3o a pr\u00f3xima onda, mas a transforma\u00e7\u00e3o digital vai muito al\u00e9m delas Marcelo Freire, jornalista da ag\u00eancia essense Em pouco mais de um ano, a conversa sobre tecnologia e inova\u00e7\u00e3o na Sa\u00fade mudou. Muito do que era previsto para ser incorporado de forma gradual ao longo dos [&hellip;]<\/p>\n","protected":false},"author":1027,"featured_media":125,"comment_status":"open","ping_status":"open","sticky":false,"template":"","format":"standard","meta":[],"categories":[4,7],"tags":[11,8,12,10,9],"acf":[],"yoast_head":"<!-- This site is optimized with the Yoast SEO plugin v21.1 - https:\/\/yoast.com\/wordpress\/plugins\/seo\/ -->\n<title>Ecossistemas de integra\u00e7\u00e3o: como a Sa\u00fade se prepara para incorporar a inova\u00e7\u00e3o\u00a0 - Designing Sa\u00fade<\/title>\n<meta name=\"description\" content=\"Para Fabr\u00edcio Campolina, da Johnson &amp; Johnson, healthtechs s\u00e3o a pr\u00f3xima onda, mas a transforma\u00e7\u00e3o digital vai muito al\u00e9m delas\" \/>\n<meta name=\"robots\" content=\"index, follow, max-snippet:-1, max-image-preview:large, max-video-preview:-1\" \/>\n<link rel=\"canonical\" href=\"https:\/\/sites.hostgrano.com.br\/designingsaude\/2021\/08\/13\/ecossistemas-de-integracao-como-a-saude-se-prepara-para-incorporar-a-inovacao\/\" \/>\n<meta property=\"og:locale\" content=\"pt_BR\" \/>\n<meta property=\"og:type\" content=\"article\" \/>\n<meta property=\"og:title\" content=\"Ecossistemas de integra\u00e7\u00e3o: como a Sa\u00fade se prepara para incorporar a inova\u00e7\u00e3o\u00a0 - Designing Sa\u00fade\" \/>\n<meta property=\"og:description\" content=\"Para Fabr\u00edcio Campolina, da Johnson &amp; Johnson, healthtechs s\u00e3o a pr\u00f3xima onda, mas a transforma\u00e7\u00e3o digital vai muito al\u00e9m delas\" \/>\n<meta property=\"og:url\" content=\"https:\/\/sites.hostgrano.com.br\/designingsaude\/2021\/08\/13\/ecossistemas-de-integracao-como-a-saude-se-prepara-para-incorporar-a-inovacao\/\" \/>\n<meta property=\"og:site_name\" content=\"Designing Sa\u00fade\" \/>\n<meta property=\"article:publisher\" content=\"https:\/\/web.facebook.com\/designingsaude?_rdc=1&amp;amp%3bamp%3bamp%3bamp%3bamp%3bamp%3bamp%3bamp%3bamp%3b_rdr\" \/>\n<meta property=\"article:published_time\" content=\"2021-08-13T15:02:07+00:00\" \/>\n<meta property=\"og:image\" content=\"https:\/\/sites.hostgrano.com.br\/designingsaude\/wp-content\/uploads\/sites\/7\/2021\/08\/ecossistemas-integracao_Easy-Resize.com_.jpg\" \/>\n\t<meta property=\"og:image:width\" content=\"1280\" \/>\n\t<meta property=\"og:image:height\" content=\"853\" \/>\n\t<meta property=\"og:image:type\" content=\"image\/jpeg\" \/>\n<meta name=\"author\" content=\"essense\" \/>\n<meta name=\"twitter:card\" content=\"summary_large_image\" \/>\n<meta name=\"twitter:label1\" content=\"Escrito por\" \/>\n\t<meta name=\"twitter:data1\" content=\"essense\" \/>\n\t<meta name=\"twitter:label2\" content=\"Est. tempo de leitura\" \/>\n\t<meta name=\"twitter:data2\" content=\"6 minutos\" \/>\n<script type=\"application\/ld+json\" class=\"yoast-schema-graph\">{\"@context\":\"https:\/\/schema.org\",\"@graph\":[{\"@type\":\"Article\",\"@id\":\"https:\/\/sites.hostgrano.com.br\/designingsaude\/2021\/08\/13\/ecossistemas-de-integracao-como-a-saude-se-prepara-para-incorporar-a-inovacao\/#article\",\"isPartOf\":{\"@id\":\"https:\/\/sites.hostgrano.com.br\/designingsaude\/2021\/08\/13\/ecossistemas-de-integracao-como-a-saude-se-prepara-para-incorporar-a-inovacao\/\"},\"author\":{\"name\":\"essense\",\"@id\":\"https:\/\/sites.hostgrano.com.br\/designingsaude\/#\/schema\/person\/4c19012d2f9aacb15ef3281e96fc45e7\"},\"headline\":\"Ecossistemas de integra\u00e7\u00e3o: como a Sa\u00fade se prepara para incorporar a inova\u00e7\u00e3o\u00a0\",\"datePublished\":\"2021-08-13T15:02:07+00:00\",\"dateModified\":\"2021-08-13T15:02:07+00:00\",\"mainEntityOfPage\":{\"@id\":\"https:\/\/sites.hostgrano.com.br\/designingsaude\/2021\/08\/13\/ecossistemas-de-integracao-como-a-saude-se-prepara-para-incorporar-a-inovacao\/\"},\"wordCount\":1528,\"commentCount\":0,\"publisher\":{\"@id\":\"https:\/\/sites.hostgrano.com.br\/designingsaude\/#organization\"},\"keywords\":[\"cuidado centrado no paciente\",\"gest\u00e3o em Sa\u00fade\",\"healthtech\",\"inova\u00e7\u00e3o\",\"vis\u00e3o integral\"],\"articleSection\":[\"Inova\u00e7\u00e3o tecnol\u00f3gica\",\"Modelos colaborativos\"],\"inLanguage\":\"pt-BR\",\"potentialAction\":[{\"@type\":\"CommentAction\",\"name\":\"Comment\",\"target\":[\"https:\/\/sites.hostgrano.com.br\/designingsaude\/2021\/08\/13\/ecossistemas-de-integracao-como-a-saude-se-prepara-para-incorporar-a-inovacao\/#respond\"]}]},{\"@type\":\"WebPage\",\"@id\":\"https:\/\/sites.hostgrano.com.br\/designingsaude\/2021\/08\/13\/ecossistemas-de-integracao-como-a-saude-se-prepara-para-incorporar-a-inovacao\/\",\"url\":\"https:\/\/sites.hostgrano.com.br\/designingsaude\/2021\/08\/13\/ecossistemas-de-integracao-como-a-saude-se-prepara-para-incorporar-a-inovacao\/\",\"name\":\"Ecossistemas de integra\u00e7\u00e3o: como a Sa\u00fade se prepara para incorporar a inova\u00e7\u00e3o\u00a0 - Designing Sa\u00fade\",\"isPartOf\":{\"@id\":\"https:\/\/sites.hostgrano.com.br\/designingsaude\/#website\"},\"datePublished\":\"2021-08-13T15:02:07+00:00\",\"dateModified\":\"2021-08-13T15:02:07+00:00\",\"description\":\"Para Fabr\u00edcio Campolina, da Johnson & Johnson, healthtechs s\u00e3o a pr\u00f3xima onda, mas a transforma\u00e7\u00e3o digital vai muito al\u00e9m delas\",\"breadcrumb\":{\"@id\":\"https:\/\/sites.hostgrano.com.br\/designingsaude\/2021\/08\/13\/ecossistemas-de-integracao-como-a-saude-se-prepara-para-incorporar-a-inovacao\/#breadcrumb\"},\"inLanguage\":\"pt-BR\",\"potentialAction\":[{\"@type\":\"ReadAction\",\"target\":[\"https:\/\/sites.hostgrano.com.br\/designingsaude\/2021\/08\/13\/ecossistemas-de-integracao-como-a-saude-se-prepara-para-incorporar-a-inovacao\/\"]}]},{\"@type\":\"BreadcrumbList\",\"@id\":\"https:\/\/sites.hostgrano.com.br\/designingsaude\/2021\/08\/13\/ecossistemas-de-integracao-como-a-saude-se-prepara-para-incorporar-a-inovacao\/#breadcrumb\",\"itemListElement\":[{\"@type\":\"ListItem\",\"position\":1,\"name\":\"In\u00edcio\",\"item\":\"https:\/\/sites.hostgrano.com.br\/designingsaude\/\"},{\"@type\":\"ListItem\",\"position\":2,\"name\":\"Ecossistemas de integra\u00e7\u00e3o: como a Sa\u00fade se prepara para incorporar a inova\u00e7\u00e3o\u00a0\"}]},{\"@type\":\"WebSite\",\"@id\":\"https:\/\/sites.hostgrano.com.br\/designingsaude\/#website\",\"url\":\"https:\/\/sites.hostgrano.com.br\/designingsaude\/\",\"name\":\"Designing Sa\u00fade\",\"description\":\"Solu\u00e7\u00f5es em consultoria e gest\u00e3o de Sa\u00fade\",\"publisher\":{\"@id\":\"https:\/\/sites.hostgrano.com.br\/designingsaude\/#organization\"},\"potentialAction\":[{\"@type\":\"SearchAction\",\"target\":{\"@type\":\"EntryPoint\",\"urlTemplate\":\"https:\/\/sites.hostgrano.com.br\/designingsaude\/?s={search_term_string}\"},\"query-input\":\"required name=search_term_string\"}],\"inLanguage\":\"pt-BR\"},{\"@type\":\"Organization\",\"@id\":\"https:\/\/sites.hostgrano.com.br\/designingsaude\/#organization\",\"name\":\"Designing Sa\u00fade\",\"url\":\"https:\/\/sites.hostgrano.com.br\/designingsaude\/\",\"logo\":{\"@type\":\"ImageObject\",\"inLanguage\":\"pt-BR\",\"@id\":\"https:\/\/sites.hostgrano.com.br\/designingsaude\/#\/schema\/logo\/image\/\",\"url\":\"https:\/\/sites.hostgrano.com.br\/designingsaude\/wp-content\/uploads\/sites\/7\/2021\/07\/logo.png\",\"contentUrl\":\"https:\/\/sites.hostgrano.com.br\/designingsaude\/wp-content\/uploads\/sites\/7\/2021\/07\/logo.png\",\"width\":396,\"height\":396,\"caption\":\"Designing Sa\u00fade\"},\"image\":{\"@id\":\"https:\/\/sites.hostgrano.com.br\/designingsaude\/#\/schema\/logo\/image\/\"},\"sameAs\":[\"https:\/\/web.facebook.com\/designingsaude?_rdc=1&amp;amp;amp;amp;amp;amp;amp;amp;amp;_rdr\",\"https:\/\/www.instagram.com\/designingsaude\/\",\"https:\/\/www.linkedin.com\/company\/designingsaude\/\",\"https:\/\/www.youtube.com\/channel\/UCkEWTeBDxcT22zzhv_l2YPg\"]},{\"@type\":\"Person\",\"@id\":\"https:\/\/sites.hostgrano.com.br\/designingsaude\/#\/schema\/person\/4c19012d2f9aacb15ef3281e96fc45e7\",\"name\":\"essense\",\"image\":{\"@type\":\"ImageObject\",\"inLanguage\":\"pt-BR\",\"@id\":\"https:\/\/sites.hostgrano.com.br\/designingsaude\/#\/schema\/person\/image\/\",\"url\":\"https:\/\/secure.gravatar.com\/avatar\/2cb037abd7571a2c6f58c92c6bfe0942?s=96&d=mm&r=g\",\"contentUrl\":\"https:\/\/secure.gravatar.com\/avatar\/2cb037abd7571a2c6f58c92c6bfe0942?s=96&d=mm&r=g\",\"caption\":\"essense\"},\"url\":\"https:\/\/sites.hostgrano.com.br\/designingsaude\/author\/essense\/\"}]}<\/script>\n<!-- \/ Yoast SEO plugin. -->","yoast_head_json":{"title":"Ecossistemas de integra\u00e7\u00e3o: como a Sa\u00fade se prepara para incorporar a inova\u00e7\u00e3o\u00a0 - Designing Sa\u00fade","description":"Para Fabr\u00edcio Campolina, da Johnson & Johnson, healthtechs s\u00e3o a pr\u00f3xima onda, mas a transforma\u00e7\u00e3o digital vai muito al\u00e9m delas","robots":{"index":"index","follow":"follow","max-snippet":"max-snippet:-1","max-image-preview":"max-image-preview:large","max-video-preview":"max-video-preview:-1"},"canonical":"https:\/\/sites.hostgrano.com.br\/designingsaude\/2021\/08\/13\/ecossistemas-de-integracao-como-a-saude-se-prepara-para-incorporar-a-inovacao\/","og_locale":"pt_BR","og_type":"article","og_title":"Ecossistemas de integra\u00e7\u00e3o: como a Sa\u00fade se prepara para incorporar a inova\u00e7\u00e3o\u00a0 - Designing Sa\u00fade","og_description":"Para Fabr\u00edcio Campolina, da Johnson & Johnson, healthtechs s\u00e3o a pr\u00f3xima onda, mas a transforma\u00e7\u00e3o digital vai muito al\u00e9m delas","og_url":"https:\/\/sites.hostgrano.com.br\/designingsaude\/2021\/08\/13\/ecossistemas-de-integracao-como-a-saude-se-prepara-para-incorporar-a-inovacao\/","og_site_name":"Designing Sa\u00fade","article_publisher":"https:\/\/web.facebook.com\/designingsaude?_rdc=1&amp%3bamp%3bamp%3bamp%3bamp%3bamp%3bamp%3bamp%3bamp%3b_rdr","article_published_time":"2021-08-13T15:02:07+00:00","og_image":[{"width":1280,"height":853,"url":"https:\/\/sites.hostgrano.com.br\/designingsaude\/wp-content\/uploads\/sites\/7\/2021\/08\/ecossistemas-integracao_Easy-Resize.com_.jpg","type":"image\/jpeg"}],"author":"essense","twitter_card":"summary_large_image","twitter_misc":{"Escrito por":"essense","Est. tempo de leitura":"6 minutos"},"schema":{"@context":"https:\/\/schema.org","@graph":[{"@type":"Article","@id":"https:\/\/sites.hostgrano.com.br\/designingsaude\/2021\/08\/13\/ecossistemas-de-integracao-como-a-saude-se-prepara-para-incorporar-a-inovacao\/#article","isPartOf":{"@id":"https:\/\/sites.hostgrano.com.br\/designingsaude\/2021\/08\/13\/ecossistemas-de-integracao-como-a-saude-se-prepara-para-incorporar-a-inovacao\/"},"author":{"name":"essense","@id":"https:\/\/sites.hostgrano.com.br\/designingsaude\/#\/schema\/person\/4c19012d2f9aacb15ef3281e96fc45e7"},"headline":"Ecossistemas de integra\u00e7\u00e3o: como a Sa\u00fade se prepara para incorporar a inova\u00e7\u00e3o\u00a0","datePublished":"2021-08-13T15:02:07+00:00","dateModified":"2021-08-13T15:02:07+00:00","mainEntityOfPage":{"@id":"https:\/\/sites.hostgrano.com.br\/designingsaude\/2021\/08\/13\/ecossistemas-de-integracao-como-a-saude-se-prepara-para-incorporar-a-inovacao\/"},"wordCount":1528,"commentCount":0,"publisher":{"@id":"https:\/\/sites.hostgrano.com.br\/designingsaude\/#organization"},"keywords":["cuidado centrado no paciente","gest\u00e3o em Sa\u00fade","healthtech","inova\u00e7\u00e3o","vis\u00e3o integral"],"articleSection":["Inova\u00e7\u00e3o tecnol\u00f3gica","Modelos colaborativos"],"inLanguage":"pt-BR","potentialAction":[{"@type":"CommentAction","name":"Comment","target":["https:\/\/sites.hostgrano.com.br\/designingsaude\/2021\/08\/13\/ecossistemas-de-integracao-como-a-saude-se-prepara-para-incorporar-a-inovacao\/#respond"]}]},{"@type":"WebPage","@id":"https:\/\/sites.hostgrano.com.br\/designingsaude\/2021\/08\/13\/ecossistemas-de-integracao-como-a-saude-se-prepara-para-incorporar-a-inovacao\/","url":"https:\/\/sites.hostgrano.com.br\/designingsaude\/2021\/08\/13\/ecossistemas-de-integracao-como-a-saude-se-prepara-para-incorporar-a-inovacao\/","name":"Ecossistemas de integra\u00e7\u00e3o: como a Sa\u00fade se prepara para incorporar a inova\u00e7\u00e3o\u00a0 - Designing Sa\u00fade","isPartOf":{"@id":"https:\/\/sites.hostgrano.com.br\/designingsaude\/#website"},"datePublished":"2021-08-13T15:02:07+00:00","dateModified":"2021-08-13T15:02:07+00:00","description":"Para Fabr\u00edcio Campolina, da Johnson & Johnson, healthtechs s\u00e3o a pr\u00f3xima onda, mas a transforma\u00e7\u00e3o digital vai muito al\u00e9m delas","breadcrumb":{"@id":"https:\/\/sites.hostgrano.com.br\/designingsaude\/2021\/08\/13\/ecossistemas-de-integracao-como-a-saude-se-prepara-para-incorporar-a-inovacao\/#breadcrumb"},"inLanguage":"pt-BR","potentialAction":[{"@type":"ReadAction","target":["https:\/\/sites.hostgrano.com.br\/designingsaude\/2021\/08\/13\/ecossistemas-de-integracao-como-a-saude-se-prepara-para-incorporar-a-inovacao\/"]}]},{"@type":"BreadcrumbList","@id":"https:\/\/sites.hostgrano.com.br\/designingsaude\/2021\/08\/13\/ecossistemas-de-integracao-como-a-saude-se-prepara-para-incorporar-a-inovacao\/#breadcrumb","itemListElement":[{"@type":"ListItem","position":1,"name":"In\u00edcio","item":"https:\/\/sites.hostgrano.com.br\/designingsaude\/"},{"@type":"ListItem","position":2,"name":"Ecossistemas de integra\u00e7\u00e3o: como a Sa\u00fade se prepara para incorporar a inova\u00e7\u00e3o\u00a0"}]},{"@type":"WebSite","@id":"https:\/\/sites.hostgrano.com.br\/designingsaude\/#website","url":"https:\/\/sites.hostgrano.com.br\/designingsaude\/","name":"Designing Sa\u00fade","description":"Solu\u00e7\u00f5es em consultoria e gest\u00e3o de Sa\u00fade","publisher":{"@id":"https:\/\/sites.hostgrano.com.br\/designingsaude\/#organization"},"potentialAction":[{"@type":"SearchAction","target":{"@type":"EntryPoint","urlTemplate":"https:\/\/sites.hostgrano.com.br\/designingsaude\/?s={search_term_string}"},"query-input":"required name=search_term_string"}],"inLanguage":"pt-BR"},{"@type":"Organization","@id":"https:\/\/sites.hostgrano.com.br\/designingsaude\/#organization","name":"Designing Sa\u00fade","url":"https:\/\/sites.hostgrano.com.br\/designingsaude\/","logo":{"@type":"ImageObject","inLanguage":"pt-BR","@id":"https:\/\/sites.hostgrano.com.br\/designingsaude\/#\/schema\/logo\/image\/","url":"https:\/\/sites.hostgrano.com.br\/designingsaude\/wp-content\/uploads\/sites\/7\/2021\/07\/logo.png","contentUrl":"https:\/\/sites.hostgrano.com.br\/designingsaude\/wp-content\/uploads\/sites\/7\/2021\/07\/logo.png","width":396,"height":396,"caption":"Designing Sa\u00fade"},"image":{"@id":"https:\/\/sites.hostgrano.com.br\/designingsaude\/#\/schema\/logo\/image\/"},"sameAs":["https:\/\/web.facebook.com\/designingsaude?_rdc=1&amp;amp;amp;amp;amp;amp;amp;amp;amp;_rdr","https:\/\/www.instagram.com\/designingsaude\/","https:\/\/www.linkedin.com\/company\/designingsaude\/","https:\/\/www.youtube.com\/channel\/UCkEWTeBDxcT22zzhv_l2YPg"]},{"@type":"Person","@id":"https:\/\/sites.hostgrano.com.br\/designingsaude\/#\/schema\/person\/4c19012d2f9aacb15ef3281e96fc45e7","name":"essense","image":{"@type":"ImageObject","inLanguage":"pt-BR","@id":"https:\/\/sites.hostgrano.com.br\/designingsaude\/#\/schema\/person\/image\/","url":"https:\/\/secure.gravatar.com\/avatar\/2cb037abd7571a2c6f58c92c6bfe0942?s=96&d=mm&r=g","contentUrl":"https:\/\/secure.gravatar.com\/avatar\/2cb037abd7571a2c6f58c92c6bfe0942?s=96&d=mm&r=g","caption":"essense"},"url":"https:\/\/sites.hostgrano.com.br\/designingsaude\/author\/essense\/"}]}},"yoast_title":"Ecossistemas de integra\u00e7\u00e3o: como a Sa\u00fade se prepara para incorporar a inova\u00e7\u00e3o\u00a0 - Designing Sa\u00fade","yoast_meta":[{"name":"description","content":"Para Fabr\u00edcio Campolina, da Johnson &amp; Johnson, healthtechs s\u00e3o a pr\u00f3xima onda, mas a transforma\u00e7\u00e3o digital vai muito al\u00e9m delas"},{"name":"robots","content":"index, follow, max-snippet:-1, max-image-preview:large, max-video-preview:-1"},{"property":"og:locale","content":"pt_BR"},{"property":"og:type","content":"article"},{"property":"og:title","content":"Ecossistemas de integra\u00e7\u00e3o: como a Sa\u00fade se prepara para incorporar a inova\u00e7\u00e3o\u00a0 - Designing Sa\u00fade"},{"property":"og:description","content":"Para Fabr\u00edcio Campolina, da Johnson &amp; Johnson, healthtechs s\u00e3o a pr\u00f3xima onda, mas a transforma\u00e7\u00e3o digital vai muito al\u00e9m delas"},{"property":"og:url","content":"https:\/\/sites.hostgrano.com.br\/designingsaude\/2021\/08\/13\/ecossistemas-de-integracao-como-a-saude-se-prepara-para-incorporar-a-inovacao\/"},{"property":"og:site_name","content":"Designing Sa\u00fade"},{"property":"article:publisher","content":"https:\/\/web.facebook.com\/designingsaude?_rdc=1&amp;amp%3bamp%3bamp%3bamp%3bamp%3bamp%3bamp%3bamp%3bamp%3b_rdr"},{"property":"article:published_time","content":"2021-08-13T15:02:07+00:00"},{"property":"og:image","content":"https:\/\/sites.hostgrano.com.br\/designingsaude\/wp-content\/uploads\/sites\/7\/2021\/08\/ecossistemas-integracao_Easy-Resize.com_.jpg"},{"property":"og:image:width","content":"1280"},{"property":"og:image:height","content":"853"},{"property":"og:image:type","content":"image\/jpeg"},{"name":"author","content":"essense"},{"name":"twitter:card","content":"summary_large_image"},{"name":"twitter:label1","content":"Escrito por"},{"name":"twitter:data1","content":"essense"},{"name":"twitter:label2","content":"Est. tempo de leitura"},{"name":"twitter:data2","content":"6 minutos"},{"name":"robots","content":"index, follow, max-image-preview:large, max-snippet:-1, max-video-preview:-1"}],"yoast_json_ld":[{"@context":"https:\/\/schema.org","@graph":[{"@type":"Article","@id":"https:\/\/sites.hostgrano.com.br\/designingsaude\/2021\/08\/13\/ecossistemas-de-integracao-como-a-saude-se-prepara-para-incorporar-a-inovacao\/#article","isPartOf":{"@id":"https:\/\/sites.hostgrano.com.br\/designingsaude\/2021\/08\/13\/ecossistemas-de-integracao-como-a-saude-se-prepara-para-incorporar-a-inovacao\/"},"author":{"name":"essense","@id":"https:\/\/sites.hostgrano.com.br\/designingsaude\/#\/schema\/person\/4c19012d2f9aacb15ef3281e96fc45e7"},"headline":"Ecossistemas de integra&ccedil;&atilde;o: como a Sa&uacute;de se prepara para incorporar a inova&ccedil;&atilde;o&nbsp;","datePublished":"2021-08-13T15:02:07+00:00","dateModified":"2021-08-13T15:02:07+00:00","mainEntityOfPage":{"@id":"https:\/\/sites.hostgrano.com.br\/designingsaude\/2021\/08\/13\/ecossistemas-de-integracao-como-a-saude-se-prepara-para-incorporar-a-inovacao\/"},"wordCount":1528,"commentCount":0,"publisher":{"@id":"https:\/\/sites.hostgrano.com.br\/designingsaude\/#organization"},"keywords":["cuidado centrado no paciente","gest&atilde;o em Sa&uacute;de","healthtech","inova&ccedil;&atilde;o","vis&atilde;o integral"],"articleSection":["Inova&ccedil;&atilde;o tecnol&oacute;gica","Modelos colaborativos"],"inLanguage":"pt-BR","potentialAction":[{"@type":"CommentAction","name":"Comment","target":["https:\/\/sites.hostgrano.com.br\/designingsaude\/2021\/08\/13\/ecossistemas-de-integracao-como-a-saude-se-prepara-para-incorporar-a-inovacao\/#respond"]}]},{"@type":"WebPage","@id":"https:\/\/sites.hostgrano.com.br\/designingsaude\/2021\/08\/13\/ecossistemas-de-integracao-como-a-saude-se-prepara-para-incorporar-a-inovacao\/","url":"https:\/\/sites.hostgrano.com.br\/designingsaude\/2021\/08\/13\/ecossistemas-de-integracao-como-a-saude-se-prepara-para-incorporar-a-inovacao\/","name":"Ecossistemas de integra&ccedil;&atilde;o: como a Sa&uacute;de se prepara para incorporar a inova&ccedil;&atilde;o&nbsp; - Designing Sa&uacute;de","isPartOf":{"@id":"https:\/\/sites.hostgrano.com.br\/designingsaude\/#website"},"datePublished":"2021-08-13T15:02:07+00:00","dateModified":"2021-08-13T15:02:07+00:00","description":"Para Fabr&iacute;cio Campolina, da Johnson & Johnson, healthtechs s&atilde;o a pr&oacute;xima onda, mas a transforma&ccedil;&atilde;o digital vai muito al&eacute;m delas","breadcrumb":{"@id":"https:\/\/sites.hostgrano.com.br\/designingsaude\/2021\/08\/13\/ecossistemas-de-integracao-como-a-saude-se-prepara-para-incorporar-a-inovacao\/#breadcrumb"},"inLanguage":"pt-BR","potentialAction":[{"@type":"ReadAction","target":["https:\/\/sites.hostgrano.com.br\/designingsaude\/2021\/08\/13\/ecossistemas-de-integracao-como-a-saude-se-prepara-para-incorporar-a-inovacao\/"]}]},{"@type":"BreadcrumbList","@id":"https:\/\/sites.hostgrano.com.br\/designingsaude\/2021\/08\/13\/ecossistemas-de-integracao-como-a-saude-se-prepara-para-incorporar-a-inovacao\/#breadcrumb","itemListElement":[{"@type":"ListItem","position":1,"name":"In&iacute;cio","item":"https:\/\/sites.hostgrano.com.br\/designingsaude\/"},{"@type":"ListItem","position":2,"name":"Ecossistemas de integra&ccedil;&atilde;o: como a Sa&uacute;de se prepara para incorporar a inova&ccedil;&atilde;o&nbsp;"}]},{"@type":"WebSite","@id":"https:\/\/sites.hostgrano.com.br\/designingsaude\/#website","url":"https:\/\/sites.hostgrano.com.br\/designingsaude\/","name":"Designing Sa&uacute;de","description":"Solu&ccedil;&otilde;es em consultoria e gest&atilde;o de Sa&uacute;de","publisher":{"@id":"https:\/\/sites.hostgrano.com.br\/designingsaude\/#organization"},"potentialAction":[{"@type":"SearchAction","target":{"@type":"EntryPoint","urlTemplate":"https:\/\/sites.hostgrano.com.br\/designingsaude\/?s={search_term_string}"},"query-input":"required name=search_term_string"}],"inLanguage":"pt-BR"},{"@type":"Organization","@id":"https:\/\/sites.hostgrano.com.br\/designingsaude\/#organization","name":"Designing Sa&uacute;de","url":"https:\/\/sites.hostgrano.com.br\/designingsaude\/","logo":{"@type":"ImageObject","inLanguage":"pt-BR","@id":"https:\/\/sites.hostgrano.com.br\/designingsaude\/#\/schema\/logo\/image\/","url":"https:\/\/sites.hostgrano.com.br\/designingsaude\/wp-content\/uploads\/sites\/7\/2021\/07\/logo.png","contentUrl":"https:\/\/sites.hostgrano.com.br\/designingsaude\/wp-content\/uploads\/sites\/7\/2021\/07\/logo.png","width":396,"height":396,"caption":"Designing Sa&uacute;de"},"image":{"@id":"https:\/\/sites.hostgrano.com.br\/designingsaude\/#\/schema\/logo\/image\/"},"sameAs":["https:\/\/web.facebook.com\/designingsaude?_rdc=1&amp;amp;amp;amp;amp;amp;amp;amp;amp;_rdr","https:\/\/www.instagram.com\/designingsaude\/","https:\/\/www.linkedin.com\/company\/designingsaude\/","https:\/\/www.youtube.com\/channel\/UCkEWTeBDxcT22zzhv_l2YPg"]},{"@type":"Person","@id":"https:\/\/sites.hostgrano.com.br\/designingsaude\/#\/schema\/person\/4c19012d2f9aacb15ef3281e96fc45e7","name":"essense","image":{"@type":"ImageObject","inLanguage":"pt-BR","@id":"https:\/\/sites.hostgrano.com.br\/designingsaude\/#\/schema\/person\/image\/","url":"https:\/\/secure.gravatar.com\/avatar\/2cb037abd7571a2c6f58c92c6bfe0942?s=96&d=mm&r=g","contentUrl":"https:\/\/secure.gravatar.com\/avatar\/2cb037abd7571a2c6f58c92c6bfe0942?s=96&d=mm&r=g","caption":"essense"},"url":"https:\/\/sites.hostgrano.com.br\/designingsaude\/author\/essense\/"}]}],"_links":{"self":[{"href":"https:\/\/sites.hostgrano.com.br\/designingsaude\/wp-json\/wp\/v2\/posts\/124"}],"collection":[{"href":"https:\/\/sites.hostgrano.com.br\/designingsaude\/wp-json\/wp\/v2\/posts"}],"about":[{"href":"https:\/\/sites.hostgrano.com.br\/designingsaude\/wp-json\/wp\/v2\/types\/post"}],"author":[{"embeddable":true,"href":"https:\/\/sites.hostgrano.com.br\/designingsaude\/wp-json\/wp\/v2\/users\/1027"}],"replies":[{"embeddable":true,"href":"https:\/\/sites.hostgrano.com.br\/designingsaude\/wp-json\/wp\/v2\/comments?post=124"}],"version-history":[{"count":1,"href":"https:\/\/sites.hostgrano.com.br\/designingsaude\/wp-json\/wp\/v2\/posts\/124\/revisions"}],"predecessor-version":[{"id":126,"href":"https:\/\/sites.hostgrano.com.br\/designingsaude\/wp-json\/wp\/v2\/posts\/124\/revisions\/126"}],"wp:featuredmedia":[{"embeddable":true,"href":"https:\/\/sites.hostgrano.com.br\/designingsaude\/wp-json\/wp\/v2\/media\/125"}],"wp:attachment":[{"href":"https:\/\/sites.hostgrano.com.br\/designingsaude\/wp-json\/wp\/v2\/media?parent=124"}],"wp:term":[{"taxonomy":"category","embeddable":true,"href":"https:\/\/sites.hostgrano.com.br\/designingsaude\/wp-json\/wp\/v2\/categories?post=124"},{"taxonomy":"post_tag","embeddable":true,"href":"https:\/\/sites.hostgrano.com.br\/designingsaude\/wp-json\/wp\/v2\/tags?post=124"}],"curies":[{"name":"wp","href":"https:\/\/api.w.org\/{rel}","templated":true}]}}